{"id":290312,"date":"2026-04-27T20:35:24","date_gmt":"2026-04-28T00:35:24","guid":{"rendered":"https:\/\/www.prwrestling.com\/nw\/?p=290312"},"modified":"2026-04-27T20:35:24","modified_gmt":"2026-04-28T00:35:24","slug":"ric-flair-se-disculpa-publicamente-con-popular-estrella-de-wwe","status":"publish","type":"post","link":"https:\/\/www.prwrestling.com\/nw\/ric-flair-se-disculpa-publicamente-con-popular-estrella-de-wwe\/","title":{"rendered":"Ric Flair se disculpa p\u00fablicamente con popular estrella de WWE"},"content":{"rendered":"<p>El legendario Ric Flair ha utilizado sus redes sociales para ofrecer una disculpa p\u00fablica a la actual Campeona de los Estados Unidos de la WWE, Tiffany Stratton. Este gesto surge tras una serie de declaraciones pol\u00e9micas del &#8220;Nature Boy&#8221; respecto a la participaci\u00f3n de Stratton en WrestleMania 42 y su rivalidad con Charlotte Flair.<!--more--><\/p>\n<div id=\"ad-slot\" style=\"min-width: 300px; min-height: 250px;\">\r\n<p style=\"text-align: center;\">\r\n<script async src=\"https:\/\/pagead2.googlesyndication.com\/pagead\/js\/adsbygoogle.js\"><\/script>\r\n<!-- 300x250 sc a -->\r\n<ins class=\"adsbygoogle\"\r\n     style=\"display:inline-block;width:300px;height:250px\"\r\n     data-ad-client=\"ca-pub-1244235910658811\"\r\n     data-ad-slot=\"8592682546\"><\/ins>\r\n<script>\r\n     (adsbygoogle = window.adsbygoogle || []).push({});\r\n<\/script><\/center>\r\n<\/p><\/div>\n<p>Recientemente, Flair hab\u00eda expresado abiertamente su descontento con el combate entre su hija Charlotte y Stratton en el magno evento, llegando a decir que &#8220;no le gust\u00f3 para nada&#8221;. Adem\u00e1s, en una entrevista con Ariel Helwani, Ric <a href=\"https:\/\/www.prwrestling.com\/nw\/ric-flair-acusa-a-wwe-de-excluirlo-de-wrestlemania-tras-incidente-con-ludwig-kaiser\/\">revel\u00f3 que fue &#8220;desinvitado&#8221; de WrestleMania 42<\/a> debido a un altercado ocurrido en 2025, donde supuestamente amenaz\u00f3 con golpear a Ludwig Kaiser (pareja de Tiffany en ese momento) por comentarios personales realizados durante la <i>storyline<\/i>.<\/p>\n<p>En su mensaje de aclaraci\u00f3n, el dos veces miembro del Sal\u00f3n de la Fama de la WWE reconoci\u00f3 que sus palabras pudieron ser malinterpretadas y que su intenci\u00f3n no era menospreciar el talento de la joven superestrella. &#8220;The Nature Boy&#8221; elogi\u00f3 el trabajo de <a href=\"https:\/\/www.prwrestling.com\/nw\/tag\/tiffany-stratton\/\">Tiffany Stratton<\/a>, admitiendo que ella es una de las piezas fundamentales del futuro de la divisi\u00f3n femenina bajo la administraci\u00f3n de TKO.<\/p>\n<div id=\"ad-slot\" style=\"min-width: 300px; min-height: 250px;\"><p style=\"text-align: center;\">\r\n<script async src=\"https:\/\/pagead2.googlesyndication.com\/pagead\/js\/adsbygoogle.js\"><\/script>\r\n<!-- Responsive sc c -->\r\n<ins class=\"adsbygoogle\"\r\n     style=\"display:block\"\r\n     data-ad-client=\"ca-pub-1244235910658811\"\r\n     data-ad-slot=\"4234005358\"\r\n     data-ad-format=\"auto\"\r\n     data-full-width-responsive=\"true\"><\/ins>\r\n<script>\r\n     (adsbygoogle = window.adsbygoogle || []).push({});\r\n<\/script><\/p><\/div>\n<blockquote><p>Sr. Ludwig Kaiser @wwe_kaiser: Nunca insinu\u00e9 que no pudiera trabajar o que no tuviera talento. De hecho, entiendo que le est\u00e1 yendo muy bien con la promoci\u00f3n de Undertaker. Lamento haberme molestado. Soy muy protector con mis hijas, y estoy seguro de que usted tambi\u00e9n lo ser\u00e1 cuando crezca. \u00a1Que siga cosechando \u00e9xitos! Me disculpo por cualquier cosa que haya dicho sobre usted personalmente. No se trataba de su habilidad profesional, que seg\u00fan he o\u00eddo es muy buena&#8221;, escribi\u00f3.<\/p><\/blockquote>\n<p>Esta disculpa llega en un momento dulce para Stratton, quien acaba de capturar el Campeonato de los Estados Unidos tras vencer a Giulia en SmackDown. Con la tensi\u00f3n aparentemente disipada, la atenci\u00f3n se centra ahora en el posible choque de campeonas entre Tiffany y Rhea Ripley, mientras <a href=\"https:\/\/www.prwrestling.com\/nw\/tag\/ric-flair\/\">Ric Flair<\/a> intenta restablecer puentes con la gerencia de la WWE tras sus recientes fricciones con Paul &#8220;Triple H&#8221; Levesque.<\/p>\n","protected":false},"excerpt":{"rendered":"<p>El legendario Ric Flair ha utilizado sus redes sociales para ofrecer una disculpa p\u00fablica a la actual Campeona de los Estados Unidos de la WWE, Tiffany Stratton. Este gesto surge tras una serie de declaraciones pol\u00e9micas del &#8220;Nature Boy&#8221; respecto a la participaci\u00f3n de Stratton en WrestleMania 42 y su rivalidad con Charlotte Flair.<\/p>\n","protected":false},"author":3,"featured_media":287646,"comment_status":"closed","ping_status":"closed","sticky":false,"template":"","format":"standard","meta":{"footnotes":""},"categories":[38],"tags":[1379],"class_list":{"0":"post-290312","1":"post","2":"type-post","3":"status-publish","4":"format-standard","5":"has-post-thumbnail","7":"category-noticias-y-rumores-de-la-wwe","8":"tag-ric-flair"},"_links":{"self":[{"href":"https:\/\/www.prwrestling.com\/nw\/wp-json\/wp\/v2\/posts\/290312","targetHints":{"allow":["GET"]}}],"collection":[{"href":"https:\/\/www.prwrestling.com\/nw\/wp-json\/wp\/v2\/posts"}],"about":[{"href":"https:\/\/www.prwrestling.com\/nw\/wp-json\/wp\/v2\/types\/post"}],"author":[{"embeddable":true,"href":"https:\/\/www.prwrestling.com\/nw\/wp-json\/wp\/v2\/users\/3"}],"replies":[{"embeddable":true,"href":"https:\/\/www.prwrestling.com\/nw\/wp-json\/wp\/v2\/comments?post=290312"}],"version-history":[{"count":2,"href":"https:\/\/www.prwrestling.com\/nw\/wp-json\/wp\/v2\/posts\/290312\/revisions"}],"predecessor-version":[{"id":290314,"href":"https:\/\/www.prwrestling.com\/nw\/wp-json\/wp\/v2\/posts\/290312\/revisions\/290314"}],"wp:featuredmedia":[{"embeddable":true,"href":"https:\/\/www.prwrestling.com\/nw\/wp-json\/wp\/v2\/media\/287646"}],"wp:attachment":[{"href":"https:\/\/www.prwrestling.com\/nw\/wp-json\/wp\/v2\/media?parent=290312"}],"wp:term":[{"taxonomy":"category","embeddable":true,"href":"https:\/\/www.prwrestling.com\/nw\/wp-json\/wp\/v2\/categories?post=290312"},{"taxonomy":"post_tag","embeddable":true,"href":"https:\/\/www.prwrestling.com\/nw\/wp-json\/wp\/v2\/tags?post=290312"}],"curies":[{"name":"wp","href":"https:\/\/api.w.org\/{rel}","templated":true}]}}