{"id":290315,"date":"2026-04-27T20:38:18","date_gmt":"2026-04-28T00:38:18","guid":{"rendered":"https:\/\/www.prwrestling.com\/nw\/?p=290315"},"modified":"2026-04-27T20:38:18","modified_gmt":"2026-04-28T00:38:18","slug":"se-anticipan-mas-despidos-en-wwe-segun-reportes","status":"publish","type":"post","link":"https:\/\/www.prwrestling.com\/nw\/se-anticipan-mas-despidos-en-wwe-segun-reportes\/","title":{"rendered":"Se anticipan m\u00e1s despidos en WWE, seg\u00fan reportes"},"content":{"rendered":"<p>La reciente purga de talento en la WWE parece no haber terminado. Tras la salida masiva de superestrellas el pasado viernes antes de SmackDown, nuevos informes sugieren que una lista considerable de nombres de NXT a\u00fan podr\u00eda estar por revelarse.<!--more--><\/p>\n<div id=\"ad-slot\" style=\"min-width: 300px; min-height: 250px;\">\r\n<p style=\"text-align: center;\">\r\n<script async src=\"https:\/\/pagead2.googlesyndication.com\/pagead\/js\/adsbygoogle.js\"><\/script>\r\n<!-- 300x250 sc a -->\r\n<ins class=\"adsbygoogle\"\r\n     style=\"display:inline-block;width:300px;height:250px\"\r\n     data-ad-client=\"ca-pub-1244235910658811\"\r\n     data-ad-slot=\"8592682546\"><\/ins>\r\n<script>\r\n     (adsbygoogle = window.adsbygoogle || []).push({});\r\n<\/script><\/center>\r\n<\/p><\/div>\n<p>Seg\u00fan Bryan Alvarez en <i>Wrestling Observer Live<\/i>, la cantidad de despidos en el territorio de desarrollo que se esperaba originalmente era mucho mayor a la que se ha hecho p\u00fablica hasta ahora.<\/p>\n<blockquote><p>&#8220;Me dijeron el viernes que era una lista grande de NXT, y esta lista no es tan grande, as\u00ed que puede que vengan m\u00e1s nombres del lado de desarrollo&#8221;, coment\u00f3 Alvarez.<\/p><\/blockquote>\n<p>La ola inicial de recortes tras WrestleMania 42 ya se llev\u00f3 consigo a figuras del elenco principal como <b>Aleister Black<\/b>, <b>Zelina Vega<\/b>, <b>Kairi Sane<\/b> y <b>Zoey Stark<\/b>. Esta \u00faltima no hab\u00eda competido desde su grave lesi\u00f3n en mayo de 2025. Sin embargo, lo m\u00e1s impactante para los fan\u00e1ticos fue la disoluci\u00f3n y despido total de la facci\u00f3n <b>The Wyatt Sicks<\/b>.<\/p>\n<div id=\"ad-slot\" style=\"min-width: 300px; min-height: 250px;\"><p style=\"text-align: center;\">\r\n<script async src=\"https:\/\/pagead2.googlesyndication.com\/pagead\/js\/adsbygoogle.js\"><\/script>\r\n<!-- Responsive sc c -->\r\n<ins class=\"adsbygoogle\"\r\n     style=\"display:block\"\r\n     data-ad-client=\"ca-pub-1244235910658811\"\r\n     data-ad-slot=\"4234005358\"\r\n     data-ad-format=\"auto\"\r\n     data-full-width-responsive=\"true\"><\/ins>\r\n<script>\r\n     (adsbygoogle = window.adsbygoogle || []).push({});\r\n<\/script><\/p><\/div>\n<h2>Joe Gacy se despide agradeciendo el legado de Bray Wyatt<\/h2>\n<p>Uno de los miembros de The Wyatt Sicks, Joe Gacy, rompi\u00f3 el silencio tras su liberaci\u00f3n con un emotivo mensaje en Instagram. Gacy, quien lleg\u00f3 a ser Campe\u00f3n en Parejas junto a Dexter Lumis en el elenco principal, dedic\u00f3 unas palabras especiales al fallecido Bray Wyatt.<\/p>\n<p>&#8220;Windham, solo quiero agradecerte por dejarme entrar. Permitirme ser parte de todo esto ha sido un verdadero honor. Ni siquiera puedo creer que pude hacer esto y ser parte, aunque fuera un poco, de mantener vivo tu legado&#8221;, escribi\u00f3 Gacy. Con la incertidumbre reinando en el Performance Center, el vestuario de <a href=\"https:\/\/www.prwrestling.com\/nw\/tag\/nxt\/\">NXT<\/a> permanece en alerta ante la posibilidad de que la WWE contin\u00fae con los ajustes en su n\u00f3mina esta misma semana.<\/p>\n","protected":false},"excerpt":{"rendered":"<p>La reciente purga de talento en la WWE parece no haber terminado. Tras la salida masiva de superestrellas el pasado viernes antes de SmackDown, nuevos informes sugieren que una lista considerable de nombres de NXT a\u00fan podr\u00eda estar por revelarse.<\/p>\n","protected":false},"author":1,"featured_media":226438,"comment_status":"closed","ping_status":"closed","sticky":false,"template":"","format":"standard","meta":{"footnotes":""},"categories":[38],"tags":[],"class_list":{"0":"post-290315","1":"post","2":"type-post","3":"status-publish","4":"format-standard","5":"has-post-thumbnail","7":"category-noticias-y-rumores-de-la-wwe"},"_links":{"self":[{"href":"https:\/\/www.prwrestling.com\/nw\/wp-json\/wp\/v2\/posts\/290315","targetHints":{"allow":["GET"]}}],"collection":[{"href":"https:\/\/www.prwrestling.com\/nw\/wp-json\/wp\/v2\/posts"}],"about":[{"href":"https:\/\/www.prwrestling.com\/nw\/wp-json\/wp\/v2\/types\/post"}],"author":[{"embeddable":true,"href":"https:\/\/www.prwrestling.com\/nw\/wp-json\/wp\/v2\/users\/1"}],"replies":[{"embeddable":true,"href":"https:\/\/www.prwrestling.com\/nw\/wp-json\/wp\/v2\/comments?post=290315"}],"version-history":[{"count":2,"href":"https:\/\/www.prwrestling.com\/nw\/wp-json\/wp\/v2\/posts\/290315\/revisions"}],"predecessor-version":[{"id":290317,"href":"https:\/\/www.prwrestling.com\/nw\/wp-json\/wp\/v2\/posts\/290315\/revisions\/290317"}],"wp:featuredmedia":[{"embeddable":true,"href":"https:\/\/www.prwrestling.com\/nw\/wp-json\/wp\/v2\/media\/226438"}],"wp:attachment":[{"href":"https:\/\/www.prwrestling.com\/nw\/wp-json\/wp\/v2\/media?parent=290315"}],"wp:term":[{"taxonomy":"category","embeddable":true,"href":"https:\/\/www.prwrestling.com\/nw\/wp-json\/wp\/v2\/categories?post=290315"},{"taxonomy":"post_tag","embeddable":true,"href":"https:\/\/www.prwrestling.com\/nw\/wp-json\/wp\/v2\/tags?post=290315"}],"curies":[{"name":"wp","href":"https:\/\/api.w.org\/{rel}","templated":true}]}}