{"id":290318,"date":"2026-04-27T20:43:06","date_gmt":"2026-04-28T00:43:06","guid":{"rendered":"https:\/\/www.prwrestling.com\/nw\/?p=290318"},"modified":"2026-04-27T20:43:06","modified_gmt":"2026-04-28T00:43:06","slug":"seth-rollins-tendra-lucha-de-revancha-en-wwe-backlash-tras-lo-ocurrido-en-raw-4-27","status":"publish","type":"post","link":"https:\/\/www.prwrestling.com\/nw\/seth-rollins-tendra-lucha-de-revancha-en-wwe-backlash-tras-lo-ocurrido-en-raw-4-27\/","title":{"rendered":"Seth Rollins tendr\u00e1 lucha de revancha en WWE Backlash tras lo ocurrido en RAW (4\/27)"},"content":{"rendered":"<p>El episodio de WWE RAW del 27 de abril, celebrado en el Sames Auto Arena de Laredo, Texas, comenz\u00f3 con una explosiva confrontaci\u00f3n entre Seth &#8220;Freakin&#8221; Rollins y Bron Breakker. Tras una serie de frustraciones acumuladas desde WrestleMania 42, &#8220;The Visionary&#8221; ha puesto su mirada en el joven Breakker para saldar cuentas pendientes.<!--more--><\/p>\n<div id=\"ad-slot\" style=\"min-width: 300px; min-height: 250px;\">\r\n<p style=\"text-align: center;\">\r\n<script async src=\"https:\/\/pagead2.googlesyndication.com\/pagead\/js\/adsbygoogle.js\"><\/script>\r\n<!-- 300x250 sc a -->\r\n<ins class=\"adsbygoogle\"\r\n     style=\"display:inline-block;width:300px;height:250px\"\r\n     data-ad-client=\"ca-pub-1244235910658811\"\r\n     data-ad-slot=\"8592682546\"><\/ins>\r\n<script>\r\n     (adsbygoogle = window.adsbygoogle || []).push({});\r\n<\/script><\/center>\r\n<\/p><\/div>\n<p>Rollins abri\u00f3 el show expresando su descontento por su derrota ante GUNTHER en WrestleMania y por el actual reinado de Roman Reigns, se\u00f1alando directamente a Bron Breakker como el responsable de las oportunidades que perdi\u00f3 este a\u00f1o. Ante los c\u00e1nticos de la fanaticada texana, <a href=\"https:\/\/www.prwrestling.com\/nw\/tag\/seth-rollins\/\">Seth Rollins<\/a> afirm\u00f3 haberle entregado el mundo en bandeja de plata a Breakker, solo para que este se lo arrojara a la cara.<\/p>\n<p>Por su parte, <a href=\"https:\/\/www.prwrestling.com\/nw\/tag\/bron-breakker\/\">Bron Breakker<\/a> no se qued\u00f3 callado y cuestion\u00f3 qu\u00e9 le ha dado Rollins realmente a \u00e9l o a Bronson Reed, llamando a Seth &#8220;el mejor luchador profesional en ser el n\u00famero dos&#8221;. La tensi\u00f3n aument\u00f3 cuando Rollins atac\u00f3 verbalmente a Paul Heyman, llam\u00e1ndolo &#8220;saco de carne podrida&#8221;, luego de que Breakker mencionara la influencia del &#8220;Wise Man&#8221; en su carrera.<\/p>\n<div id=\"ad-slot\" style=\"min-width: 300px; min-height: 250px;\"><p style=\"text-align: center;\">\r\n<script async src=\"https:\/\/pagead2.googlesyndication.com\/pagead\/js\/adsbygoogle.js\"><\/script>\r\n<!-- Responsive sc c -->\r\n<ins class=\"adsbygoogle\"\r\n     style=\"display:block\"\r\n     data-ad-client=\"ca-pub-1244235910658811\"\r\n     data-ad-slot=\"4234005358\"\r\n     data-ad-format=\"auto\"\r\n     data-full-width-responsive=\"true\"><\/ins>\r\n<script>\r\n     (adsbygoogle = window.adsbygoogle || []).push({});\r\n<\/script><\/p><\/div>\n<p>La confrontaci\u00f3n lleg\u00f3 a su punto m\u00e1ximo cuando Rollins compar\u00f3 sus trayectorias, afirmando que mientras Breakker &#8220;lo intenta&#8221;, \u00e9l &#8220;tiene \u00e9xito&#8221;. Tras llamar a su rival &#8220;Baby Steiner&#8221; \u2014en una clara alusi\u00f3n a su linaje familiar\u2014 y sentenciar que ni siquiera es el n\u00famero dos en su propia familia, Rollins hizo oficial el reto para una lucha en el pr\u00f3ximo evento premium.<\/p>\n<div class=\"video-container\"><iframe title=\"Reproductor de video de YouTube\" src=\"https:\/\/www.youtube.com\/embed\/RO4KLIouLts\" frameborder=\"0\" allowfullscreen=\"allowfullscreen\" aria-label=\"Video de YouTube\"><span data-mce-type=\"bookmark\" style=\"display: inline-block; width: 0px; overflow: hidden; line-height: 0;\" class=\"mce_SELRES_start\">\ufeff<\/span><span data-mce-type=\"bookmark\" style=\"display: inline-block; width: 0px; overflow: hidden; line-height: 0;\" class=\"mce_SELRES_start\">\ufeff<\/span><\/iframe><\/div>\n<p><b>WWE Backlash 2026<\/b> se llevar\u00e1 a cabo el s\u00e1bado 9 de mayo en el Benchmark International Arena de Tampa, Florida. Este combate promete ser uno de los platos fuertes del evento, marcando un choque generacional entre un veterano consolidado y una de las fuerzas m\u00e1s dominantes de la nueva era de <a href=\"https:\/\/www.prwrestling.com\/nw\/tag\/tko\/\">TKO<\/a>.<\/p>\n","protected":false},"excerpt":{"rendered":"<p>El episodio de WWE RAW del 27 de abril, celebrado en el Sames Auto Arena de Laredo, Texas, comenz\u00f3 con una explosiva confrontaci\u00f3n entre Seth &#8220;Freakin&#8221; Rollins y Bron Breakker. Tras una serie de frustraciones acumuladas desde WrestleMania 42, &#8220;The Visionary&#8221; ha puesto su mirada en el joven Breakker para saldar cuentas pendientes.<\/p>\n","protected":false},"author":3,"featured_media":290319,"comment_status":"closed","ping_status":"closed","sticky":false,"template":"","format":"standard","meta":{"footnotes":""},"categories":[38],"tags":[],"class_list":{"0":"post-290318","1":"post","2":"type-post","3":"status-publish","4":"format-standard","5":"has-post-thumbnail","7":"category-noticias-y-rumores-de-la-wwe"},"_links":{"self":[{"href":"https:\/\/www.prwrestling.com\/nw\/wp-json\/wp\/v2\/posts\/290318","targetHints":{"allow":["GET"]}}],"collection":[{"href":"https:\/\/www.prwrestling.com\/nw\/wp-json\/wp\/v2\/posts"}],"about":[{"href":"https:\/\/www.prwrestling.com\/nw\/wp-json\/wp\/v2\/types\/post"}],"author":[{"embeddable":true,"href":"https:\/\/www.prwrestling.com\/nw\/wp-json\/wp\/v2\/users\/3"}],"replies":[{"embeddable":true,"href":"https:\/\/www.prwrestling.com\/nw\/wp-json\/wp\/v2\/comments?post=290318"}],"version-history":[{"count":2,"href":"https:\/\/www.prwrestling.com\/nw\/wp-json\/wp\/v2\/posts\/290318\/revisions"}],"predecessor-version":[{"id":290321,"href":"https:\/\/www.prwrestling.com\/nw\/wp-json\/wp\/v2\/posts\/290318\/revisions\/290321"}],"wp:featuredmedia":[{"embeddable":true,"href":"https:\/\/www.prwrestling.com\/nw\/wp-json\/wp\/v2\/media\/290319"}],"wp:attachment":[{"href":"https:\/\/www.prwrestling.com\/nw\/wp-json\/wp\/v2\/media?parent=290318"}],"wp:term":[{"taxonomy":"category","embeddable":true,"href":"https:\/\/www.prwrestling.com\/nw\/wp-json\/wp\/v2\/categories?post=290318"},{"taxonomy":"post_tag","embeddable":true,"href":"https:\/\/www.prwrestling.com\/nw\/wp-json\/wp\/v2\/tags?post=290318"}],"curies":[{"name":"wp","href":"https:\/\/api.w.org\/{rel}","templated":true}]}}