{"id":290337,"date":"2026-04-28T17:57:08","date_gmt":"2026-04-28T21:57:08","guid":{"rendered":"https:\/\/www.prwrestling.com\/nw\/?p=290337"},"modified":"2026-04-28T17:57:08","modified_gmt":"2026-04-28T21:57:08","slug":"superestrella-clave-de-wwe-smackdown-estaria-fuera-por-lesion-segun-reportes","status":"publish","type":"post","link":"https:\/\/www.prwrestling.com\/nw\/superestrella-clave-de-wwe-smackdown-estaria-fuera-por-lesion-segun-reportes\/","title":{"rendered":"Superestrella clave de WWE SmackDown estar\u00eda fuera por lesi\u00f3n, seg\u00fan reportes"},"content":{"rendered":"<p>Seg\u00fan se informa, una popular superestrella de la WWE est\u00e1 de baja por una lesi\u00f3n. Hab\u00eda participado en un combate a principios de este mes.<!--more--><\/p>\n<div id=\"ad-slot\" style=\"min-width: 300px; min-height: 250px;\">\r\n<p style=\"text-align: center;\">\r\n<script async src=\"https:\/\/pagead2.googlesyndication.com\/pagead\/js\/adsbygoogle.js\"><\/script>\r\n<!-- 300x250 sc a -->\r\n<ins class=\"adsbygoogle\"\r\n     style=\"display:inline-block;width:300px;height:250px\"\r\n     data-ad-client=\"ca-pub-1244235910658811\"\r\n     data-ad-slot=\"8592682546\"><\/ins>\r\n<script>\r\n     (adsbygoogle = window.adsbygoogle || []).push({});\r\n<\/script><\/center>\r\n<\/p><\/div>\n<p>El nombre en cuesti\u00f3n es Talla Tonga , miembro de The MFTs . Seg\u00fan Bryan Alvarez de <a href=\"https:\/\/www.f4wonline.com\/\" target=\"_blank\" rel=\"noopener\">Wrestling Observer\/Figure Four Online<\/a> , el luchador de 35 a\u00f1os sufre una lesi\u00f3n no revelada. Sin embargo, se inform\u00f3 que se espera su regreso pronto. Esta es la raz\u00f3n de su ausencia en la edici\u00f3n de Friday Night SmackDown de la semana pasada.<\/p>\n<p>Talla Tonga hizo su debut en la World Wrestling Entertainment el a\u00f1o pasado en el evento Night of Champions Premium Live durante la lucha por el Campeonato de Estados Unidos de Solo Sikoa contra Jacob Fatu. Derrot\u00f3 al Hombre Lobo Samoano y ayud\u00f3 a Sikoa a ganar el t\u00edtulo.<\/p>\n<div id=\"ad-slot\" style=\"min-width: 300px; min-height: 250px;\"><p style=\"text-align: center;\">\r\n<script async src=\"https:\/\/pagead2.googlesyndication.com\/pagead\/js\/adsbygoogle.js\"><\/script>\r\n<!-- Responsive sc c -->\r\n<ins class=\"adsbygoogle\"\r\n     style=\"display:block\"\r\n     data-ad-client=\"ca-pub-1244235910658811\"\r\n     data-ad-slot=\"4234005358\"\r\n     data-ad-format=\"auto\"\r\n     data-full-width-responsive=\"true\"><\/ins>\r\n<script>\r\n     (adsbygoogle = window.adsbygoogle || []).push({});\r\n<\/script><\/p><\/div>\n<p>El ex Hikuleo disput\u00f3 su primer combate televisado en la promoci\u00f3n con sede en Stamford despu\u00e9s de m\u00e1s de un mes, en la edici\u00f3n del 1 de agosto de Friday Night SmackDown. Derrot\u00f3 a Jimmy Uso en su debut.<\/p>\n<p>La aparici\u00f3n m\u00e1s reciente de Tonga en el ring fue en la Batalla Real en Memoria de Andr\u00e9 el Gigante, en la \u00faltima edici\u00f3n del programa de la marca azul antes de WrestleMania 42. Tuvo una actuaci\u00f3n dominante y lleg\u00f3 a la final. Sin embargo, Royce Keys lo elimin\u00f3, asegurando as\u00ed la victoria.<\/p>\n<h2>Un miembro del Sal\u00f3n de la Fama de la WWE hizo un comentario pol\u00e9mico sobre el compa\u00f1ero de equipo de Talla Tonga<\/h2>\n<h2><\/h2>\n<p>El compa\u00f1ero de Talla Tonga, Tama Tonga, fue multado por publicar un video de los ensayos a principios de este mes. El miembro del Sal\u00f3n de la Fama de la <a href=\"https:\/\/www.prwrestling.com\/nw\/category\/noticias-y-rumores-de-la-wwe\/\">WWE<\/a>, John &#8220;Bradshaw&#8221; Layfield, habl\u00f3 sobre la controversia en el podcast Something to Wrestle With .<\/p>\n<p>El comentarista de 59 a\u00f1os opin\u00f3 que se trataba de una falta que justificaba el despido. JBL respald\u00f3 la decisi\u00f3n de la gigante mundial de multar al miembro de The MFTs y a\u00f1adi\u00f3 que habr\u00eda apoyado a la compa\u00f1\u00eda si hubieran despedido a la estrella. El veterano tambi\u00e9n explic\u00f3 en qu\u00e9 se diferenciaba el hecho de que Tonga compartiera el video de WWE Unreal.<\/p>\n<blockquote><p>&#8220;Esto siempre fue motivo de despido. Si publicas algo as\u00ed, revelas secretos de tu empresa&#8230; Estoy completamente de acuerdo con la WWE en cuanto a la multa, sea cual sea la cantidad, y si lo hubieran despedido, habr\u00eda estado de acuerdo. La empresa decide publicarlo de una forma pregrabada en su WWE Unreal, y tienen la prerrogativa de revisarlo, editarlo y decidir qu\u00e9 publicar y qu\u00e9 no&#8221;, dijo JBL.<\/p><\/blockquote>\n<p>Los MFT finalmente pusieron fin a su prolongada rivalidad con The Wyatt Sicks en la edici\u00f3n del 17 de abril de SmackDown. En medio de la evidente tensi\u00f3n entre Tama Tonga y Solo Sikoa, ser\u00e1 interesante ver qu\u00e9 les depara el futuro a la facci\u00f3n de los rudos.<\/p>\n","protected":false},"excerpt":{"rendered":"<p>Seg\u00fan se informa, una popular superestrella de la WWE est\u00e1 de baja por una lesi\u00f3n. Hab\u00eda participado en un combate a principios de este mes.<\/p>\n","protected":false},"author":3,"featured_media":290338,"comment_status":"closed","ping_status":"closed","sticky":false,"template":"","format":"standard","meta":{"footnotes":""},"categories":[38],"tags":[],"class_list":{"0":"post-290337","1":"post","2":"type-post","3":"status-publish","4":"format-standard","5":"has-post-thumbnail","7":"category-noticias-y-rumores-de-la-wwe"},"_links":{"self":[{"href":"https:\/\/www.prwrestling.com\/nw\/wp-json\/wp\/v2\/posts\/290337","targetHints":{"allow":["GET"]}}],"collection":[{"href":"https:\/\/www.prwrestling.com\/nw\/wp-json\/wp\/v2\/posts"}],"about":[{"href":"https:\/\/www.prwrestling.com\/nw\/wp-json\/wp\/v2\/types\/post"}],"author":[{"embeddable":true,"href":"https:\/\/www.prwrestling.com\/nw\/wp-json\/wp\/v2\/users\/3"}],"replies":[{"embeddable":true,"href":"https:\/\/www.prwrestling.com\/nw\/wp-json\/wp\/v2\/comments?post=290337"}],"version-history":[{"count":2,"href":"https:\/\/www.prwrestling.com\/nw\/wp-json\/wp\/v2\/posts\/290337\/revisions"}],"predecessor-version":[{"id":290340,"href":"https:\/\/www.prwrestling.com\/nw\/wp-json\/wp\/v2\/posts\/290337\/revisions\/290340"}],"wp:featuredmedia":[{"embeddable":true,"href":"https:\/\/www.prwrestling.com\/nw\/wp-json\/wp\/v2\/media\/290338"}],"wp:attachment":[{"href":"https:\/\/www.prwrestling.com\/nw\/wp-json\/wp\/v2\/media?parent=290337"}],"wp:term":[{"taxonomy":"category","embeddable":true,"href":"https:\/\/www.prwrestling.com\/nw\/wp-json\/wp\/v2\/categories?post=290337"},{"taxonomy":"post_tag","embeddable":true,"href":"https:\/\/www.prwrestling.com\/nw\/wp-json\/wp\/v2\/tags?post=290337"}],"curies":[{"name":"wp","href":"https:\/\/api.w.org\/{rel}","templated":true}]}}