{"id":290341,"date":"2026-04-28T18:00:03","date_gmt":"2026-04-28T22:00:03","guid":{"rendered":"https:\/\/www.prwrestling.com\/nw\/?p=290341"},"modified":"2026-04-28T18:00:03","modified_gmt":"2026-04-28T22:00:03","slug":"stephanie-vaquer-estaria-legitimamente-lesionada-segun-reportes","status":"publish","type":"post","link":"https:\/\/www.prwrestling.com\/nw\/stephanie-vaquer-estaria-legitimamente-lesionada-segun-reportes\/","title":{"rendered":"Stephanie Vaquer estar\u00eda leg\u00edtimamente lesionada, seg\u00fan reportes"},"content":{"rendered":"<div class=\"article-content\">\n<p>Ha habido una desafortunada actualizaci\u00f3n sobre la estrella de WWE RAW, Stephanie Vaquer. La Primera compiti\u00f3 en un combate por el t\u00edtulo en WrestleMania 42 el fin de semana pasado, pero no logr\u00f3 la victoria.<\/p>\n<p><!--more--><div id=\"ad-slot\" style=\"min-width: 300px; min-height: 250px;\">\r\n<p style=\"text-align: center;\">\r\n<script async src=\"https:\/\/pagead2.googlesyndication.com\/pagead\/js\/adsbygoogle.js\"><\/script>\r\n<!-- 300x250 sc a -->\r\n<ins class=\"adsbygoogle\"\r\n     style=\"display:inline-block;width:300px;height:250px\"\r\n     data-ad-client=\"ca-pub-1244235910658811\"\r\n     data-ad-slot=\"8592682546\"><\/ins>\r\n<script>\r\n     (adsbygoogle = window.adsbygoogle || []).push({});\r\n<\/script><\/center>\r\n<\/p><\/div><\/p>\n<p>Los miembros de The Judgment Day \u2014 Liv Morgan, Raquel Rodriguez y Roxanne Perez \u2014 atacaron a Vaquer backstage durante la edici\u00f3n de anoche de RAW y le propinaron un brutal ataque para escribirla fuera de la televisi\u00f3n. Michael Cole anunci\u00f3 m\u00e1s tarde que Vaquer sufri\u00f3 un esguince de segundo grado en la articulaci\u00f3n AC y estar\u00e1 fuera de acci\u00f3n por un tiempo.<\/p>\n<p>Seg\u00fan Bryan Alvarez de *The Wrestling Observer*, la lesi\u00f3n de Vaquer es leg\u00edtima. Sin embargo, a\u00fan se desconoce cu\u00e1ndo ocurri\u00f3 exactamente la lesi\u00f3n de la popular estrella.<\/p>\n<div id=\"ad-slot\" style=\"min-width: 300px; min-height: 250px;\"><p style=\"text-align: center;\">\r\n<script async src=\"https:\/\/pagead2.googlesyndication.com\/pagead\/js\/adsbygoogle.js\"><\/script>\r\n<!-- Responsive sc c -->\r\n<ins class=\"adsbygoogle\"\r\n     style=\"display:block\"\r\n     data-ad-client=\"ca-pub-1244235910658811\"\r\n     data-ad-slot=\"4234005358\"\r\n     data-ad-format=\"auto\"\r\n     data-full-width-responsive=\"true\"><\/ins>\r\n<script>\r\n     (adsbygoogle = window.adsbygoogle || []).push({});\r\n<\/script><\/p><\/div>\n<h2>Stephanie Vaquer captur\u00f3 el Campeonato Mundial Femenino en 2025<\/h2>\n<p>Stephanie Vaquer captur\u00f3 el Campeonato Mundial Femenino en Wrestlepalooza 2025 y lo mantuvo hasta WrestleMania 42. <a href=\"https:\/\/www.prwrestling.com\/nw\/tag\/liv-morgan\">Liv Morgan<\/a> derrot\u00f3 a Vaquer en el Show de los Shows para convertirse en la nueva Campeona Mundial Femenina. El combate dur\u00f3 solo siete minutos en el evento m\u00e1s grande del a\u00f1o.<\/p>\n<p>Stephanie Vaquer pas\u00f3 varios a\u00f1os en la escena independiente antes de firmar con WWE en 2024. Solo el tiempo dir\u00e1 cu\u00e1ndo la luchadora de 33 a\u00f1os ser\u00e1 autorizada para regresar al ring.<\/p>\n<\/div>\n","protected":false},"excerpt":{"rendered":"<p>Ha habido una desafortunada actualizaci\u00f3n sobre la estrella de WWE RAW, Stephanie Vaquer. La Primera compiti\u00f3 en un combate por el t\u00edtulo en WrestleMania 42 el fin de semana pasado, pero no logr\u00f3 la victoria.<\/p>\n","protected":false},"author":3,"featured_media":290342,"comment_status":"closed","ping_status":"closed","sticky":false,"template":"","format":"standard","meta":{"footnotes":""},"categories":[38],"tags":[7601],"class_list":{"0":"post-290341","1":"post","2":"type-post","3":"status-publish","4":"format-standard","5":"has-post-thumbnail","7":"category-noticias-y-rumores-de-la-wwe","8":"tag-stephanie-vaquer"},"_links":{"self":[{"href":"https:\/\/www.prwrestling.com\/nw\/wp-json\/wp\/v2\/posts\/290341","targetHints":{"allow":["GET"]}}],"collection":[{"href":"https:\/\/www.prwrestling.com\/nw\/wp-json\/wp\/v2\/posts"}],"about":[{"href":"https:\/\/www.prwrestling.com\/nw\/wp-json\/wp\/v2\/types\/post"}],"author":[{"embeddable":true,"href":"https:\/\/www.prwrestling.com\/nw\/wp-json\/wp\/v2\/users\/3"}],"replies":[{"embeddable":true,"href":"https:\/\/www.prwrestling.com\/nw\/wp-json\/wp\/v2\/comments?post=290341"}],"version-history":[{"count":1,"href":"https:\/\/www.prwrestling.com\/nw\/wp-json\/wp\/v2\/posts\/290341\/revisions"}],"predecessor-version":[{"id":290343,"href":"https:\/\/www.prwrestling.com\/nw\/wp-json\/wp\/v2\/posts\/290341\/revisions\/290343"}],"wp:featuredmedia":[{"embeddable":true,"href":"https:\/\/www.prwrestling.com\/nw\/wp-json\/wp\/v2\/media\/290342"}],"wp:attachment":[{"href":"https:\/\/www.prwrestling.com\/nw\/wp-json\/wp\/v2\/media?parent=290341"}],"wp:term":[{"taxonomy":"category","embeddable":true,"href":"https:\/\/www.prwrestling.com\/nw\/wp-json\/wp\/v2\/categories?post=290341"},{"taxonomy":"post_tag","embeddable":true,"href":"https:\/\/www.prwrestling.com\/nw\/wp-json\/wp\/v2\/tags?post=290341"}],"curies":[{"name":"wp","href":"https:\/\/api.w.org\/{rel}","templated":true}]}}