{"id":290344,"date":"2026-04-28T20:48:20","date_gmt":"2026-04-29T00:48:20","guid":{"rendered":"https:\/\/www.prwrestling.com\/nw\/?p=290344"},"modified":"2026-04-28T20:48:20","modified_gmt":"2026-04-29T00:48:20","slug":"kairi-sane-desmiente-reportes-sobre-su-salida-de-wwe","status":"publish","type":"post","link":"https:\/\/www.prwrestling.com\/nw\/kairi-sane-desmiente-reportes-sobre-su-salida-de-wwe\/","title":{"rendered":"Kairi Sane desmiente reportes sobre su salida de WWE"},"content":{"rendered":"<p>Kairi Sane ha respondido a un informe reciente que indicaba que hab\u00eda comunicado a los directivos de la WWE su deseo de regresar a su hogar en Jap\u00f3n.<!--more--><\/p>\n<div id=\"ad-slot\" style=\"min-width: 300px; min-height: 250px;\">\r\n<p style=\"text-align: center;\">\r\n<script async src=\"https:\/\/pagead2.googlesyndication.com\/pagead\/js\/adsbygoogle.js\"><\/script>\r\n<!-- 300x250 sc a -->\r\n<ins class=\"adsbygoogle\"\r\n     style=\"display:inline-block;width:300px;height:250px\"\r\n     data-ad-client=\"ca-pub-1244235910658811\"\r\n     data-ad-slot=\"8592682546\"><\/ins>\r\n<script>\r\n     (adsbygoogle = window.adsbygoogle || []).push({});\r\n<\/script><\/center>\r\n<\/p><\/div>\n<blockquote><p>\u201cLo que puedo decir es que s\u00e9 que ha habido mucha especulaci\u00f3n, pero realmente amo este trabajo, a mis compa\u00f1eros y a mis fans. Nunca me he rendido y siempre he dado lo mejor de m\u00ed en todo lo que hago. Espero que todos est\u00e9n bien\u201d, escribi\u00f3.<\/p><\/blockquote>\n<p>El martes por la ma\u00f1ana, en el programa Wrestling Observer Radio , Dave Meltzer dijo que Sane &#8220;hab\u00eda dado a entender que quer\u00eda regresar&#8221; a Jap\u00f3n, y que eso podr\u00eda haber sido un factor en la decisi\u00f3n de la WWE de rescindir su contrato.<\/p>\n<div id=\"ad-slot\" style=\"min-width: 300px; min-height: 250px;\"><p style=\"text-align: center;\">\r\n<script async src=\"https:\/\/pagead2.googlesyndication.com\/pagead\/js\/adsbygoogle.js\"><\/script>\r\n<!-- Responsive sc c -->\r\n<ins class=\"adsbygoogle\"\r\n     style=\"display:block\"\r\n     data-ad-client=\"ca-pub-1244235910658811\"\r\n     data-ad-slot=\"4234005358\"\r\n     data-ad-format=\"auto\"\r\n     data-full-width-responsive=\"true\"><\/ins>\r\n<script>\r\n     (adsbygoogle = window.adsbygoogle || []).push({});\r\n<\/script><\/p><\/div>\n<p>El despido de Sane el pasado viernes, junto con el de otros luchadores del roster principal y de NXT, sorprendi\u00f3 a los fans y <a href=\"https:\/\/www.prwrestling.com\/nw\/asuka-rompe-el-silencio-tras-la-salida-de-kairi-sane-de-wwe\/\">hasta a la propia Asauka<\/a>, ya que Sane estaba involucrada en una historia con Asuka e IYO SKY.<\/p>\n<p>Asuka mencion\u00f3 brevemente que dejar\u00eda a Kairi en el Raw de esta semana sin nombrarla expl\u00edcitamente, y ret\u00f3 a SKY a un combate en Backlash el pr\u00f3ximo mes.<\/p>\n<blockquote><p>\u201cEstoy profundamente agradecida de tener gente como ustedes a mi lado. Gracias por estar siempre conmigo. Zarpar\u00e9\u2026 a mi debido tiempo. Hasta entonces\u2026 los quiero\u201d, escribi\u00f3 tras conocerse la noticia.<\/p><\/blockquote>\n<p>&nbsp;<\/p>\n","protected":false},"excerpt":{"rendered":"<p>Kairi Sane ha respondido a un informe reciente que indicaba que hab\u00eda comunicado a los directivos de la WWE su deseo de regresar a su hogar en Jap\u00f3n.<\/p>\n","protected":false},"author":3,"featured_media":290345,"comment_status":"closed","ping_status":"closed","sticky":false,"template":"","format":"standard","meta":{"footnotes":""},"categories":[38],"tags":[5133],"class_list":{"0":"post-290344","1":"post","2":"type-post","3":"status-publish","4":"format-standard","5":"has-post-thumbnail","7":"category-noticias-y-rumores-de-la-wwe","8":"tag-kairi-sane"},"_links":{"self":[{"href":"https:\/\/www.prwrestling.com\/nw\/wp-json\/wp\/v2\/posts\/290344","targetHints":{"allow":["GET"]}}],"collection":[{"href":"https:\/\/www.prwrestling.com\/nw\/wp-json\/wp\/v2\/posts"}],"about":[{"href":"https:\/\/www.prwrestling.com\/nw\/wp-json\/wp\/v2\/types\/post"}],"author":[{"embeddable":true,"href":"https:\/\/www.prwrestling.com\/nw\/wp-json\/wp\/v2\/users\/3"}],"replies":[{"embeddable":true,"href":"https:\/\/www.prwrestling.com\/nw\/wp-json\/wp\/v2\/comments?post=290344"}],"version-history":[{"count":2,"href":"https:\/\/www.prwrestling.com\/nw\/wp-json\/wp\/v2\/posts\/290344\/revisions"}],"predecessor-version":[{"id":290347,"href":"https:\/\/www.prwrestling.com\/nw\/wp-json\/wp\/v2\/posts\/290344\/revisions\/290347"}],"wp:featuredmedia":[{"embeddable":true,"href":"https:\/\/www.prwrestling.com\/nw\/wp-json\/wp\/v2\/media\/290345"}],"wp:attachment":[{"href":"https:\/\/www.prwrestling.com\/nw\/wp-json\/wp\/v2\/media?parent=290344"}],"wp:term":[{"taxonomy":"category","embeddable":true,"href":"https:\/\/www.prwrestling.com\/nw\/wp-json\/wp\/v2\/categories?post=290344"},{"taxonomy":"post_tag","embeddable":true,"href":"https:\/\/www.prwrestling.com\/nw\/wp-json\/wp\/v2\/tags?post=290344"}],"curies":[{"name":"wp","href":"https:\/\/api.w.org\/{rel}","templated":true}]}}