{"id":290379,"date":"2026-04-30T16:20:51","date_gmt":"2026-04-30T20:20:51","guid":{"rendered":"https:\/\/www.prwrestling.com\/nw\/?p=290379"},"modified":"2026-04-30T16:20:51","modified_gmt":"2026-04-30T20:20:51","slug":"stephanie-vaquer-estaria-fuera-por-tiempo-indefinido-segun-informes","status":"publish","type":"post","link":"https:\/\/www.prwrestling.com\/nw\/stephanie-vaquer-estaria-fuera-por-tiempo-indefinido-segun-informes\/","title":{"rendered":"Stephanie Vaquer estar\u00eda fuera por tiempo indefinido, seg\u00fan informes"},"content":{"rendered":"<p>La excampeona mundial femenina de la <a href=\"https:\/\/www.prwrestling.com\/nw\/category\/noticias-y-rumores-de-la-wwe\/\">WWE<\/a> Stephanie Vaquer ha estado inactiva desde que perdi\u00f3 el t\u00edtulo ante Liv Morgan en WrestleMania 42 el s\u00e1bado.<!--more--><\/p>\n<div id=\"ad-slot\" style=\"min-width: 300px; min-height: 250px;\">\r\n<p style=\"text-align: center;\">\r\n<script async src=\"https:\/\/pagead2.googlesyndication.com\/pagead\/js\/adsbygoogle.js\"><\/script>\r\n<!-- 300x250 sc a -->\r\n<ins class=\"adsbygoogle\"\r\n     style=\"display:inline-block;width:300px;height:250px\"\r\n     data-ad-client=\"ca-pub-1244235910658811\"\r\n     data-ad-slot=\"8592682546\"><\/ins>\r\n<script>\r\n     (adsbygoogle = window.adsbygoogle || []).push({});\r\n<\/script><\/center>\r\n<\/p><\/div>\n<p>En la edici\u00f3n del lunes de Raw, se produjo un momento en la que Morgan, Raquel Rodr\u00edguez y Roxanne P\u00e9rez atacaron a Vaquer, empuj\u00e1ndole una caja de equipo contra el hombro. Posteriormente, se inform\u00f3 en los comentarios que Vaquer sufri\u00f3 un esguince acromioclavicular de segundo grado.<\/p>\n<p>El jueves, WrestleVotes Radio en Fightful Select inform\u00f3 que Vaquer estar\u00e1 de baja por un &#8220;futuro previsible&#8221; y que no hay un plazo previsto para su regreso.<\/p>\n<div id=\"ad-slot\" style=\"min-width: 300px; min-height: 250px;\"><p style=\"text-align: center;\">\r\n<script async src=\"https:\/\/pagead2.googlesyndication.com\/pagead\/js\/adsbygoogle.js\"><\/script>\r\n<!-- Responsive sc c -->\r\n<ins class=\"adsbygoogle\"\r\n     style=\"display:block\"\r\n     data-ad-client=\"ca-pub-1244235910658811\"\r\n     data-ad-slot=\"4234005358\"\r\n     data-ad-format=\"auto\"\r\n     data-full-width-responsive=\"true\"><\/ins>\r\n<script>\r\n     (adsbygoogle = window.adsbygoogle || []).push({});\r\n<\/script><\/p><\/div>\n<p>El informe a\u00f1ade que, seg\u00fan las especulaciones internas, podr\u00eda estar de baja un m\u00ednimo de seis semanas. Tambi\u00e9n se habla con optimismo de que pueda regresar a tiempo para SummerSlam, pero no hay garant\u00edas.<\/p>\n<p>El reinado de Vaquer con el Campeonato Mundial Femenino de la WWE concluy\u00f3 tras 210 d\u00edas y cinco defensas exitosas en la programaci\u00f3n de la WWE, despu\u00e9s de que se lo arrebatara a IYO SKY en WrestlePalooza el 20 de septiembre de 2025.<\/p>\n","protected":false},"excerpt":{"rendered":"<p>La excampeona mundial femenina de la WWE Stephanie Vaquer ha estado inactiva desde que perdi\u00f3 el t\u00edtulo ante Liv Morgan en WrestleMania 42 el s\u00e1bado.<\/p>\n","protected":false},"author":3,"featured_media":290380,"comment_status":"closed","ping_status":"closed","sticky":false,"template":"","format":"standard","meta":{"footnotes":""},"categories":[38],"tags":[],"class_list":{"0":"post-290379","1":"post","2":"type-post","3":"status-publish","4":"format-standard","5":"has-post-thumbnail","7":"category-noticias-y-rumores-de-la-wwe"},"_links":{"self":[{"href":"https:\/\/www.prwrestling.com\/nw\/wp-json\/wp\/v2\/posts\/290379","targetHints":{"allow":["GET"]}}],"collection":[{"href":"https:\/\/www.prwrestling.com\/nw\/wp-json\/wp\/v2\/posts"}],"about":[{"href":"https:\/\/www.prwrestling.com\/nw\/wp-json\/wp\/v2\/types\/post"}],"author":[{"embeddable":true,"href":"https:\/\/www.prwrestling.com\/nw\/wp-json\/wp\/v2\/users\/3"}],"replies":[{"embeddable":true,"href":"https:\/\/www.prwrestling.com\/nw\/wp-json\/wp\/v2\/comments?post=290379"}],"version-history":[{"count":2,"href":"https:\/\/www.prwrestling.com\/nw\/wp-json\/wp\/v2\/posts\/290379\/revisions"}],"predecessor-version":[{"id":290382,"href":"https:\/\/www.prwrestling.com\/nw\/wp-json\/wp\/v2\/posts\/290379\/revisions\/290382"}],"wp:featuredmedia":[{"embeddable":true,"href":"https:\/\/www.prwrestling.com\/nw\/wp-json\/wp\/v2\/media\/290380"}],"wp:attachment":[{"href":"https:\/\/www.prwrestling.com\/nw\/wp-json\/wp\/v2\/media?parent=290379"}],"wp:term":[{"taxonomy":"category","embeddable":true,"href":"https:\/\/www.prwrestling.com\/nw\/wp-json\/wp\/v2\/categories?post=290379"},{"taxonomy":"post_tag","embeddable":true,"href":"https:\/\/www.prwrestling.com\/nw\/wp-json\/wp\/v2\/tags?post=290379"}],"curies":[{"name":"wp","href":"https:\/\/api.w.org\/{rel}","templated":true}]}}