{"id":290383,"date":"2026-04-30T16:26:55","date_gmt":"2026-04-30T20:26:55","guid":{"rendered":"https:\/\/www.prwrestling.com\/nw\/?p=290383"},"modified":"2026-04-30T16:26:55","modified_gmt":"2026-04-30T20:26:55","slug":"leyenda-del-salon-de-la-fama-lucha-su-combate-final-a-los-83-anos","status":"publish","type":"post","link":"https:\/\/www.prwrestling.com\/nw\/leyenda-del-salon-de-la-fama-lucha-su-combate-final-a-los-83-anos\/","title":{"rendered":"Leyenda del Sal\u00f3n de la Fama lucha su combate final a los 83 a\u00f1os"},"content":{"rendered":"<p>El <a href=\"https:\/\/www.prwrestling.com\/nw\/category\/noticias-y-rumores-de-la-wwe\/\">WWE<\/a> Hall of Famer Jimmy Valiant volvi\u00f3 a subir al ring una vez m\u00e1s durante el fin de semana, participando en lo que fue anunciado como su combate final despu\u00e9s de una carrera que se extiende por m\u00e1s de seis d\u00e9cadas.<\/p>\n<p><!--more--><div id=\"ad-slot\" style=\"min-width: 300px; min-height: 250px;\">\r\n<p style=\"text-align: center;\">\r\n<script async src=\"https:\/\/pagead2.googlesyndication.com\/pagead\/js\/adsbygoogle.js\"><\/script>\r\n<!-- 300x250 sc a -->\r\n<ins class=\"adsbygoogle\"\r\n     style=\"display:inline-block;width:300px;height:250px\"\r\n     data-ad-client=\"ca-pub-1244235910658811\"\r\n     data-ad-slot=\"8592682546\"><\/ins>\r\n<script>\r\n     (adsbygoogle = window.adsbygoogle || []).push({});\r\n<\/script><\/center>\r\n<\/p><\/div><\/p>\n<p>Valiant compiti\u00f3 en el evento Boogie\u2019s Last Dance de la promoci\u00f3n NAWA en Lancaster, Carolina del Sur, donde los fans se reunieron para ver al legendario luchador cerrar su etapa dentro del ring. A sus 83 a\u00f1os, Valiant form\u00f3 equipo con Magnet Man y Moonshine Express en un combate de equipos de ocho hombres que fue el momento central de la despedida. El tr\u00edo veterano se llev\u00f3 la victoria al derrotar a VSP y Deon Johnson en lo que fue promocionado como el \u00faltimo combate de Valiant dentro del cuadril\u00e1tero.<\/p>\n<p>La carrera de Valiant se remonta hasta 1964, cuando debut\u00f3 despu\u00e9s de ser entrenado por Verne Gagne. A lo largo de los a\u00f1os, se convirti\u00f3 en una figura reconocida en m\u00faltiples territorios, incluyendo una etapa en la WWWF como parte de The Valiant Brothers. M\u00e1s tarde gan\u00f3 reconocimiento a trav\u00e9s de rivalidades con Jerry Lawler en Memphis y con Paul Jones durante su tiempo en Jim Crockett Promotions.<\/p>\n<div id=\"ad-slot\" style=\"min-width: 300px; min-height: 250px;\"><p style=\"text-align: center;\">\r\n<script async src=\"https:\/\/pagead2.googlesyndication.com\/pagead\/js\/adsbygoogle.js\"><\/script>\r\n<!-- Responsive sc c -->\r\n<ins class=\"adsbygoogle\"\r\n     style=\"display:block\"\r\n     data-ad-client=\"ca-pub-1244235910658811\"\r\n     data-ad-slot=\"4234005358\"\r\n     data-ad-format=\"auto\"\r\n     data-full-width-responsive=\"true\"><\/ins>\r\n<script>\r\n     (adsbygoogle = window.adsbygoogle || []).push({});\r\n<\/script><\/p><\/div>\n<p>A pesar de haberse alejado de la competencia a tiempo completo hace a\u00f1os, Valiant se mantuvo activo en shows independientes del sur y continu\u00f3 devolviendo al negocio a trav\u00e9s del entrenamiento. Todav\u00eda opera una escuela de lucha libre en Shawsville, Virginia, que ha producido talento como Hangman Adam Page.<\/p>\n<p><iframe loading=\"lazy\" style=\"border: none; overflow: hidden;\" src=\"https:\/\/www.facebook.com\/plugins\/video.php?href=https%3A%2F%2Fwww.facebook.com%2Freel%2F1341490364552781%2F&amp;show_text=0&amp;width=560\" width=\"560\" height=\"315\" frameborder=\"0\" scrolling=\"no\" allowfullscreen=\"allowfullscreen\"><\/iframe><\/p>\n<p>Esta no fue t\u00e9cnicamente la primera vez que Valiant se alej\u00f3 del ring. Anteriormente tuvo lo que fue anunciado como un combate de retiro en WrestleReunion 1 en enero de 2005, haciendo equipo con Roddy Piper y Jimmy Snuka. Sin embargo, regres\u00f3 a la acci\u00f3n el a\u00f1o siguiente y se mantuvo activo en la escena independiente, con su \u00faltimo combate antes de este fin de semana ocurriendo en 2023.<\/p>\n<p>Aunque este \u00faltimo combate fue anunciado como su despedida definitiva, Valiant no se est\u00e1 alejando por completo de la lucha libre. Todav\u00eda est\u00e1 programado para aparecer en eventos pr\u00f3ximos, incluyendo la grabaci\u00f3n de televisi\u00f3n de Memphis Wrestling este domingo y otras apariciones m\u00e1s adelante este verano, como el evento The Gathering de TMart Promotions en Charlotte, Carolina del Norte.<\/p>\n<p>El legado de Jimmy Valiant se extiende a trav\u00e9s de generaciones de fans de la lucha libre, y su decisi\u00f3n de luchar una vez m\u00e1s a sus 83 a\u00f1os agrega otro cap\u00edtulo a una carrera que ha durado casi 60 a\u00f1os.<\/p>\n","protected":false},"excerpt":{"rendered":"<p>El WWE Hall of Famer Jimmy Valiant volvi\u00f3 a subir al ring una vez m\u00e1s durante el fin de semana, participando en lo que fue anunciado como su combate final despu\u00e9s de una carrera que se extiende por m\u00e1s de seis d\u00e9cadas.<\/p>\n","protected":false},"author":1,"featured_media":290384,"comment_status":"closed","ping_status":"closed","sticky":false,"template":"","format":"standard","meta":{"footnotes":""},"categories":[5],"tags":[],"class_list":{"0":"post-290383","1":"post","2":"type-post","3":"status-publish","4":"format-standard","5":"has-post-thumbnail","7":"category-noticias"},"_links":{"self":[{"href":"https:\/\/www.prwrestling.com\/nw\/wp-json\/wp\/v2\/posts\/290383","targetHints":{"allow":["GET"]}}],"collection":[{"href":"https:\/\/www.prwrestling.com\/nw\/wp-json\/wp\/v2\/posts"}],"about":[{"href":"https:\/\/www.prwrestling.com\/nw\/wp-json\/wp\/v2\/types\/post"}],"author":[{"embeddable":true,"href":"https:\/\/www.prwrestling.com\/nw\/wp-json\/wp\/v2\/users\/1"}],"replies":[{"embeddable":true,"href":"https:\/\/www.prwrestling.com\/nw\/wp-json\/wp\/v2\/comments?post=290383"}],"version-history":[{"count":2,"href":"https:\/\/www.prwrestling.com\/nw\/wp-json\/wp\/v2\/posts\/290383\/revisions"}],"predecessor-version":[{"id":290386,"href":"https:\/\/www.prwrestling.com\/nw\/wp-json\/wp\/v2\/posts\/290383\/revisions\/290386"}],"wp:featuredmedia":[{"embeddable":true,"href":"https:\/\/www.prwrestling.com\/nw\/wp-json\/wp\/v2\/media\/290384"}],"wp:attachment":[{"href":"https:\/\/www.prwrestling.com\/nw\/wp-json\/wp\/v2\/media?parent=290383"}],"wp:term":[{"taxonomy":"category","embeddable":true,"href":"https:\/\/www.prwrestling.com\/nw\/wp-json\/wp\/v2\/categories?post=290383"},{"taxonomy":"post_tag","embeddable":true,"href":"https:\/\/www.prwrestling.com\/nw\/wp-json\/wp\/v2\/tags?post=290383"}],"curies":[{"name":"wp","href":"https:\/\/api.w.org\/{rel}","templated":true}]}}