{"id":290387,"date":"2026-04-30T18:14:16","date_gmt":"2026-04-30T22:14:16","guid":{"rendered":"https:\/\/www.prwrestling.com\/nw\/?p=290387"},"modified":"2026-04-30T18:14:16","modified_gmt":"2026-04-30T22:14:16","slug":"the-undertaker-anuncia-nueva-firma-de-contrato","status":"publish","type":"post","link":"https:\/\/www.prwrestling.com\/nw\/the-undertaker-anuncia-nueva-firma-de-contrato\/","title":{"rendered":"The Undertaker anuncia nueva firma de contrato"},"content":{"rendered":"<p>La leyenda de la WWE <a href=\"https:\/\/www.prwrestling.com\/nw\/tag\/undertaker\">The Undertaker<\/a> recientemente anunci\u00f3 la firma de un nuevo contrato que involucrar\u00e1 a dos estrellas.<\/p>\n<p><!--more--><div id=\"ad-slot\" style=\"min-width: 300px; min-height: 250px;\">\r\n<p style=\"text-align: center;\">\r\n<script async src=\"https:\/\/pagead2.googlesyndication.com\/pagead\/js\/adsbygoogle.js\"><\/script>\r\n<!-- 300x250 sc a -->\r\n<ins class=\"adsbygoogle\"\r\n     style=\"display:inline-block;width:300px;height:250px\"\r\n     data-ad-client=\"ca-pub-1244235910658811\"\r\n     data-ad-slot=\"8592682546\"><\/ins>\r\n<script>\r\n     (adsbygoogle = window.adsbygoogle || []).push({});\r\n<\/script><\/center>\r\n<\/p><\/div><\/p>\n<p>En las \u00faltimas semanas ha estado gest\u00e1ndose un conflicto entre Chad Gable y Ludwig Kaiser, ambos interpretando el personaje de El Grande Americano. El manto fue asumido por Kaiser despu\u00e9s de que Gable sufriera una lesi\u00f3n a mediados del a\u00f1o pasado. Desde entonces, Kaiser se convirti\u00f3 en el nuevo El Grande Americano, dejando huella tanto en WWE como en AAA junto a sus compa\u00f1eros de stable Rayo Americano y Bravo Americano, conocidos juntos como Los Americanos.<\/p>\n<p>Sin embargo, el regreso del El Grande Americano original, es decir, Chad Gable en Royal Rumble de este a\u00f1o, ha complicado las cosas. Los dos est\u00e1n listos para enfrentarse pronto, y la firma del contrato para ese combate se llevar\u00e1 a cabo este s\u00e1bado. Cabe destacar que el combate tendr\u00e1 la estipulaci\u00f3n de M\u00e1scara vs. M\u00e1scara.<\/p>\n<div id=\"ad-slot\" style=\"min-width: 300px; min-height: 250px;\"><p style=\"text-align: center;\">\r\n<script async src=\"https:\/\/pagead2.googlesyndication.com\/pagead\/js\/adsbygoogle.js\"><\/script>\r\n<!-- Responsive sc c -->\r\n<ins class=\"adsbygoogle\"\r\n     style=\"display:block\"\r\n     data-ad-client=\"ca-pub-1244235910658811\"\r\n     data-ad-slot=\"4234005358\"\r\n     data-ad-format=\"auto\"\r\n     data-full-width-responsive=\"true\"><\/ins>\r\n<script>\r\n     (adsbygoogle = window.adsbygoogle || []).push({});\r\n<\/script><\/p><\/div>\n<blockquote><p>\u201cLa firma del contrato para el altamente anticipado combate de M\u00e1scara vs. M\u00e1scara en Noche de los Grandes se llevar\u00e1 a cabo ESTE s\u00e1bado desde Quer\u00e9taro. Transm\u00edtelo en @luchalibreaaa a las 10 ET\/7 PT por FOX One en Latinoam\u00e9rica y en el canal de YouTube y Facebook de @WWE en el resto del mundo.\u201d<\/p><\/blockquote>\n<p>Puedes ver la publicaci\u00f3n a continuaci\u00f3n:<\/p>\n<blockquote class=\"twitter-tweet\">\n<p dir=\"ltr\" lang=\"en\">The contract signing for the highly anticipated Mask vs. Mask match at Noche de los Grandes will take place THIS Saturday from Quer\u00e9taro.<\/p>\n<p>Stream <a href=\"https:\/\/twitter.com\/luchalibreaaa?ref_src=twsrc%5Etfw\" target=\"_blank\" rel=\"noopener\">@luchalibreaaa<\/a> at 10 ET\/7 PT on FOX One in Latin America and on <a href=\"https:\/\/twitter.com\/WWE?ref_src=twsrc%5Etfw\" target=\"_blank\" rel=\"noopener\">@WWE<\/a><br \/>\nYouTube + Facebook everywhere else. <a href=\"https:\/\/t.co\/rkIDMeWBU3\">pic.twitter.com\/rkIDMeWBU3<\/a><\/p>\n<p>\u2014 Undertaker (@undertaker) <a href=\"https:\/\/twitter.com\/undertaker\/status\/2049872853265432839?ref_src=twsrc%5Etfw\" target=\"_blank\" rel=\"noopener\">April 30, 2026<\/a><\/p><\/blockquote>\n<p><script async src=\"https:\/\/platform.twitter.com\/widgets.js\" charset=\"utf-8\"><\/script><\/p>\n<h2>Ric Flair recientemente se disculp\u00f3 con la estrella de WWE El Grande Americano<\/h2>\n<p>Hace un tiempo, Ric Flair hab\u00eda tenido un arrebato sobre El Grande Americano, es decir, Ludwig Kaiser.<\/p>\n<p>Sin embargo, parece que Flair dio marcha atr\u00e1s y <a href=\"https:\/\/www.prwrestling.com\/nw\/ric-flair-se-disculpa-publicamente-con-popular-estrella-de-wwe\/\">se disculp\u00f3 con Kaiser<\/a>. Publicando en Instagram, The Nature Boy declar\u00f3:<\/p>\n<blockquote><p>\u201cMr. Ludwig Kaiser @wwe_kaiser- Nunca quise dar a entender que no pod\u00edas trabajar o que no ten\u00edas talento. En realidad entiendo que lo est\u00e1s haciendo muy bien con la promoci\u00f3n de The Undertaker. Lamento haberme enfadado. Soy naturalmente muy protector con mis hijas, como estoy seguro de que t\u00fa tambi\u00e9n lo ser\u00e1s cuando crezcas. \u00a1\u00c9xito continuo! Me disculpo por cualquier cosa que haya dicho sobre ti personalmente. No se trataba de tu habilidad profesional, de la cual he escuchado que es muy buena\u201d, escribi\u00f3.<\/p><\/blockquote>\n<p>Kaiser ha recorrido un largo camino desde sus d\u00edas junto a Gunther en The Imperium. Queda por ver si ser\u00e1 desenmascarado despu\u00e9s de su combate contra Chad Gable en AAA.<\/p>\n","protected":false},"excerpt":{"rendered":"<p>La leyenda de la WWE The Undertaker recientemente anunci\u00f3 la firma de un nuevo contrato que involucrar\u00e1 a dos estrellas.<\/p>\n","protected":false},"author":3,"featured_media":290388,"comment_status":"closed","ping_status":"closed","sticky":false,"template":"","format":"standard","meta":{"footnotes":""},"categories":[38],"tags":[],"class_list":{"0":"post-290387","1":"post","2":"type-post","3":"status-publish","4":"format-standard","5":"has-post-thumbnail","7":"category-noticias-y-rumores-de-la-wwe"},"_links":{"self":[{"href":"https:\/\/www.prwrestling.com\/nw\/wp-json\/wp\/v2\/posts\/290387","targetHints":{"allow":["GET"]}}],"collection":[{"href":"https:\/\/www.prwrestling.com\/nw\/wp-json\/wp\/v2\/posts"}],"about":[{"href":"https:\/\/www.prwrestling.com\/nw\/wp-json\/wp\/v2\/types\/post"}],"author":[{"embeddable":true,"href":"https:\/\/www.prwrestling.com\/nw\/wp-json\/wp\/v2\/users\/3"}],"replies":[{"embeddable":true,"href":"https:\/\/www.prwrestling.com\/nw\/wp-json\/wp\/v2\/comments?post=290387"}],"version-history":[{"count":1,"href":"https:\/\/www.prwrestling.com\/nw\/wp-json\/wp\/v2\/posts\/290387\/revisions"}],"predecessor-version":[{"id":290389,"href":"https:\/\/www.prwrestling.com\/nw\/wp-json\/wp\/v2\/posts\/290387\/revisions\/290389"}],"wp:featuredmedia":[{"embeddable":true,"href":"https:\/\/www.prwrestling.com\/nw\/wp-json\/wp\/v2\/media\/290388"}],"wp:attachment":[{"href":"https:\/\/www.prwrestling.com\/nw\/wp-json\/wp\/v2\/media?parent=290387"}],"wp:term":[{"taxonomy":"category","embeddable":true,"href":"https:\/\/www.prwrestling.com\/nw\/wp-json\/wp\/v2\/categories?post=290387"},{"taxonomy":"post_tag","embeddable":true,"href":"https:\/\/www.prwrestling.com\/nw\/wp-json\/wp\/v2\/tags?post=290387"}],"curies":[{"name":"wp","href":"https:\/\/api.w.org\/{rel}","templated":true}]}}