{"id":290390,"date":"2026-05-01T13:59:48","date_gmt":"2026-05-01T17:59:48","guid":{"rendered":"https:\/\/www.prwrestling.com\/nw\/?p=290390"},"modified":"2026-05-01T13:59:48","modified_gmt":"2026-05-01T17:59:48","slug":"rebel-revela-diagnostico-terminal-de-ela","status":"publish","type":"post","link":"https:\/\/www.prwrestling.com\/nw\/rebel-revela-diagnostico-terminal-de-ela\/","title":{"rendered":"Rebel revela diagn\u00f3stico terminal de ELA"},"content":{"rendered":"<p>Tanea Brooks, luchadora de AEW conocida como Rebel, ha revelado que le han diagnosticado ELA terminal.<!--more--><\/p>\n<div id=\"ad-slot\" style=\"min-width: 300px; min-height: 250px;\">\r\n<p style=\"text-align: center;\">\r\n<script async src=\"https:\/\/pagead2.googlesyndication.com\/pagead\/js\/adsbygoogle.js\"><\/script>\r\n<!-- 300x250 sc a -->\r\n<ins class=\"adsbygoogle\"\r\n     style=\"display:inline-block;width:300px;height:250px\"\r\n     data-ad-client=\"ca-pub-1244235910658811\"\r\n     data-ad-slot=\"8592682546\"><\/ins>\r\n<script>\r\n     (adsbygoogle = window.adsbygoogle || []).push({});\r\n<\/script><\/center>\r\n<\/p><\/div>\n<p>El viernes public\u00f3 una actualizaci\u00f3n sobre su estado de salud en las redes sociales anunciando el diagn\u00f3stico.<\/p>\n<p>Rebel dice en el video :<\/p>\n<blockquote><p>\u201cEn primer lugar, quiero darles las gracias por todas sus oraciones, porque para quienes lo saben, pas\u00e9 dos a\u00f1os en un proceso m\u00e9dico tratando de averiguar qu\u00e9 me pasaba.<\/p>\n<p>Y finalmente, nuestras plegarias han sido escuchadas.<\/p>\n<p>Lo que pasa es que, a veces, no queremos o\u00edr la respuesta a nuestras oraciones.<\/p>\n<p>As\u00ed pues, mientras esperaba a que me operaran de los tumores que ten\u00eda en los pulmones, los m\u00e9dicos de la Cl\u00ednica Mayo descubrieron, por fin descubrieron, lo que estaba pasando.<\/p>\n<p>Los m\u00e9dicos me han diagnosticado ELA terminal.<\/p>\n<p>No hay mucha investigaci\u00f3n sobre la ELA, y no sabemos cu\u00e1nto tiempo me queda, pero explica por qu\u00e9 tengo dificultades para caminar y hablar, y por qu\u00e9 todas mis funciones pronto se deteriorar\u00e1n. Pero ahora podemos prepararnos para el futuro y lo que est\u00e1 por venir.<\/p>\n<p>Y quiero agradecer a Tony Khan y a AEW por apoyarme en este proceso m\u00e9dico. Ha sido una bendici\u00f3n incalculable. Y de todo coraz\u00f3n, gracias.<\/p>\n<p>Y gracias a todos por sus oraciones. Por favor, sigan orando por un viaje tranquilo y una partida en paz. Los quiero .<\/p><\/blockquote>\n<div id=\"ad-slot\" style=\"min-width: 300px; min-height: 250px;\"><p style=\"text-align: center;\">\r\n<script async src=\"https:\/\/pagead2.googlesyndication.com\/pagead\/js\/adsbygoogle.js\"><\/script>\r\n<!-- Responsive sc c -->\r\n<ins class=\"adsbygoogle\"\r\n     style=\"display:block\"\r\n     data-ad-client=\"ca-pub-1244235910658811\"\r\n     data-ad-slot=\"4234005358\"\r\n     data-ad-format=\"auto\"\r\n     data-full-width-responsive=\"true\"><\/ins>\r\n<script>\r\n     (adsbygoogle = window.adsbygoogle || []).push({});\r\n<\/script><\/p><\/div>\n<p>La ELA (esclerosis lateral amiotr\u00f3fica) es una enfermedad neurodegenerativa progresiva que afecta a las c\u00e9lulas nerviosas del cerebro y la m\u00e9dula espinal.<\/p>\n<p><a href=\"https:\/\/www.prwrestling.com\/nw\/rebel-se-sincera-sobre-su-dura-batalla-contra-el-cancer-camino-con-andador\/\">Rebel ha estado lidiando con problemas de salud<\/a> desde mayo de 2024, cuando fue hospitalizada por primera vez debido a una masa en el pulm\u00f3n que finalmente se diagnostic\u00f3 como neumon\u00eda. En junio de 2025, se someti\u00f3 a una cirug\u00eda para extirpar un tumor.<\/p>\n<p>En noviembre de 2025, Rebel comparti\u00f3 que le hab\u00edan diagnosticado linfoma pulmonar primario, un linfoma poco com\u00fan que afecta a los pulmones. En febrero, Rebel revel\u00f3 que estaba en un programa de rehabilitaci\u00f3n para pacientes hospitalizados.<br \/>\n<iframe loading=\"lazy\" style=\"border: none; overflow: hidden;\" src=\"https:\/\/www.facebook.com\/plugins\/video.php?height=476&amp;href=https%3A%2F%2Fwww.facebook.com%2Freel%2F1915016115799643%2F&amp;show_text=false&amp;width=267&amp;t=0\" width=\"267\" height=\"476\" frameborder=\"0\" scrolling=\"no\" allowfullscreen=\"allowfullscreen\"><\/iframe><\/p>\n","protected":false},"excerpt":{"rendered":"<p>Tanea Brooks, luchadora de AEW conocida como Rebel, ha revelado que le han diagnosticado ELA terminal.<\/p>\n","protected":false},"author":1,"featured_media":290391,"comment_status":"closed","ping_status":"closed","sticky":false,"template":"","format":"standard","meta":{"footnotes":""},"categories":[1],"tags":[],"class_list":{"0":"post-290390","1":"post","2":"type-post","3":"status-publish","4":"format-standard","5":"has-post-thumbnail","7":"category-all-elite-wrestling"},"_links":{"self":[{"href":"https:\/\/www.prwrestling.com\/nw\/wp-json\/wp\/v2\/posts\/290390","targetHints":{"allow":["GET"]}}],"collection":[{"href":"https:\/\/www.prwrestling.com\/nw\/wp-json\/wp\/v2\/posts"}],"about":[{"href":"https:\/\/www.prwrestling.com\/nw\/wp-json\/wp\/v2\/types\/post"}],"author":[{"embeddable":true,"href":"https:\/\/www.prwrestling.com\/nw\/wp-json\/wp\/v2\/users\/1"}],"replies":[{"embeddable":true,"href":"https:\/\/www.prwrestling.com\/nw\/wp-json\/wp\/v2\/comments?post=290390"}],"version-history":[{"count":1,"href":"https:\/\/www.prwrestling.com\/nw\/wp-json\/wp\/v2\/posts\/290390\/revisions"}],"predecessor-version":[{"id":290392,"href":"https:\/\/www.prwrestling.com\/nw\/wp-json\/wp\/v2\/posts\/290390\/revisions\/290392"}],"wp:featuredmedia":[{"embeddable":true,"href":"https:\/\/www.prwrestling.com\/nw\/wp-json\/wp\/v2\/media\/290391"}],"wp:attachment":[{"href":"https:\/\/www.prwrestling.com\/nw\/wp-json\/wp\/v2\/media?parent=290390"}],"wp:term":[{"taxonomy":"category","embeddable":true,"href":"https:\/\/www.prwrestling.com\/nw\/wp-json\/wp\/v2\/categories?post=290390"},{"taxonomy":"post_tag","embeddable":true,"href":"https:\/\/www.prwrestling.com\/nw\/wp-json\/wp\/v2\/tags?post=290390"}],"curies":[{"name":"wp","href":"https:\/\/api.w.org\/{rel}","templated":true}]}}