{"id":290393,"date":"2026-05-01T14:05:03","date_gmt":"2026-05-01T18:05:03","guid":{"rendered":"https:\/\/www.prwrestling.com\/nw\/?p=290393"},"modified":"2026-05-01T14:05:03","modified_gmt":"2026-05-01T18:05:03","slug":"aj-styles-rompe-el-silencio-tras-ser-acusado-de-soborno","status":"publish","type":"post","link":"https:\/\/www.prwrestling.com\/nw\/aj-styles-rompe-el-silencio-tras-ser-acusado-de-soborno\/","title":{"rendered":"AJ Styles rompe el silencio tras ser acusado de soborno"},"content":{"rendered":"<p>AJ Styles ha sido acusado de soborno por un fan en las redes sociales. Toda la conversaci\u00f3n comenz\u00f3 cuando un usuario afirm\u00f3 que Styles fue presionado para quedarse en WWE, y que la compa\u00f1\u00eda lo soborn\u00f3 con su inducci\u00f3n al Sal\u00f3n de la Fama.<\/p>\n<p><!--more--><div id=\"ad-slot\" style=\"min-width: 300px; min-height: 250px;\">\r\n<p style=\"text-align: center;\">\r\n<script async src=\"https:\/\/pagead2.googlesyndication.com\/pagead\/js\/adsbygoogle.js\"><\/script>\r\n<!-- 300x250 sc a -->\r\n<ins class=\"adsbygoogle\"\r\n     style=\"display:inline-block;width:300px;height:250px\"\r\n     data-ad-client=\"ca-pub-1244235910658811\"\r\n     data-ad-slot=\"8592682546\"><\/ins>\r\n<script>\r\n     (adsbygoogle = window.adsbygoogle || []).push({});\r\n<\/script><\/center>\r\n<\/p><\/div><\/p>\n<p>Styles puso fin a su ilustre carrera en la lucha libre profesional en 2026. Perdi\u00f3 ante Gunther en el evento\u00a0 <a href=\"https:\/\/www.prwrestling.com\/nw\/resultados-wwe-royal-rumble-2026\/\">Royal Rumble 2026<\/a> y se retir\u00f3 del negocio. En el show tributo a Styles, The Undertaker le inform\u00f3 sobre su inducci\u00f3n al Sal\u00f3n de la Fama.<\/p>\n<p>Respondiendo a otro usuario de X sobre el mismo tema, Styles afirm\u00f3 que estaba bastante feliz si el \u201csoborno\u201d lo hab\u00eda llevado a conseguir el trabajo que siempre hab\u00eda querido.<\/p>\n<div id=\"ad-slot\" style=\"min-width: 300px; min-height: 250px;\"><p style=\"text-align: center;\">\r\n<script async src=\"https:\/\/pagead2.googlesyndication.com\/pagead\/js\/adsbygoogle.js\"><\/script>\r\n<!-- Responsive sc c -->\r\n<ins class=\"adsbygoogle\"\r\n     style=\"display:block\"\r\n     data-ad-client=\"ca-pub-1244235910658811\"\r\n     data-ad-slot=\"4234005358\"\r\n     data-ad-format=\"auto\"\r\n     data-full-width-responsive=\"true\"><\/ins>\r\n<script>\r\n     (adsbygoogle = window.adsbygoogle || []).push({});\r\n<\/script><\/p><\/div>\n<blockquote><p>\u201cSi sobornarme lleva a conseguir el trabajo que quiero, eso es genial\u201d, escribi\u00f3 Styles.<\/p><\/blockquote>\n<h2>Gunther explic\u00f3 la importancia de retirar a AJ Styles en WWE<\/h2>\n<p>Gunther ha retirado a varios veteranos de WWE durante el \u00faltimo a\u00f1o. Derrot\u00f3 a Goldberg para retener el Campeonato Mundial Peso Pesado de WWE en lo que result\u00f3 ser el combate final de este \u00faltimo. En diciembre de 2025, Gunther someti\u00f3 a John Cena en su combate de despedida.<\/p>\n<p>Hablando con WWE Retrospective, Gunther declar\u00f3 que creci\u00f3 admirando a luchadores del calibre de AJ Styles. Gunther record\u00f3 haber visto los combates m\u00e1s importantes de <a href=\"https:\/\/www.prwrestling.com\/nw\/tag\/aj-styles\">Styles<\/a> en New Japan Pro Wrestling. Dijo:<\/p>\n<blockquote><p>\u201cLa generaci\u00f3n de la lucha libre en la que crec\u00ed miraba con admiraci\u00f3n a tipos como AJ Styles. Recuerdo cuando estaba en New Japan, siempre ve\u00edamos sus grandes combates all\u00ed. Eran fant\u00e1sticos. Hubo un tiempo en el que estaba trabajando muy duro y desarroll\u00e1ndome. Hab\u00eda cosas que ve\u00eda, as\u00ed que siempre tuve mucho respeto por el trabajo de AJ. (&#8230;) Desde el coraz\u00f3n de un purista de la lucha, eso se sinti\u00f3 casi m\u00e1s importante para m\u00ed que el combate contra Cena. Pero en pantalla, poder restreg\u00e1rselo e intentar arruinar su \u00faltima etapa fue muy divertido\u201d.<\/p><\/blockquote>\n<p>Styles ha estado trabajando de cerca con superestrellas de WWE que a\u00fan est\u00e1n en desarrollo, incluyendo a Lexis King. The Phenomenal One ahora es el entrenador personal del superastro de NXT.<\/p>\n","protected":false},"excerpt":{"rendered":"<p>AJ Styles ha sido acusado de soborno por un fan en las redes sociales. Toda la conversaci\u00f3n comenz\u00f3 cuando un usuario afirm\u00f3 que Styles fue presionado para quedarse en WWE, y que la compa\u00f1\u00eda lo soborn\u00f3 con su inducci\u00f3n al Sal\u00f3n de la Fama.<\/p>\n","protected":false},"author":3,"featured_media":277036,"comment_status":"closed","ping_status":"closed","sticky":false,"template":"","format":"standard","meta":{"footnotes":""},"categories":[38],"tags":[26],"class_list":{"0":"post-290393","1":"post","2":"type-post","3":"status-publish","4":"format-standard","5":"has-post-thumbnail","7":"category-noticias-y-rumores-de-la-wwe","8":"tag-aj-styles"},"_links":{"self":[{"href":"https:\/\/www.prwrestling.com\/nw\/wp-json\/wp\/v2\/posts\/290393","targetHints":{"allow":["GET"]}}],"collection":[{"href":"https:\/\/www.prwrestling.com\/nw\/wp-json\/wp\/v2\/posts"}],"about":[{"href":"https:\/\/www.prwrestling.com\/nw\/wp-json\/wp\/v2\/types\/post"}],"author":[{"embeddable":true,"href":"https:\/\/www.prwrestling.com\/nw\/wp-json\/wp\/v2\/users\/3"}],"replies":[{"embeddable":true,"href":"https:\/\/www.prwrestling.com\/nw\/wp-json\/wp\/v2\/comments?post=290393"}],"version-history":[{"count":1,"href":"https:\/\/www.prwrestling.com\/nw\/wp-json\/wp\/v2\/posts\/290393\/revisions"}],"predecessor-version":[{"id":290394,"href":"https:\/\/www.prwrestling.com\/nw\/wp-json\/wp\/v2\/posts\/290393\/revisions\/290394"}],"wp:featuredmedia":[{"embeddable":true,"href":"https:\/\/www.prwrestling.com\/nw\/wp-json\/wp\/v2\/media\/277036"}],"wp:attachment":[{"href":"https:\/\/www.prwrestling.com\/nw\/wp-json\/wp\/v2\/media?parent=290393"}],"wp:term":[{"taxonomy":"category","embeddable":true,"href":"https:\/\/www.prwrestling.com\/nw\/wp-json\/wp\/v2\/categories?post=290393"},{"taxonomy":"post_tag","embeddable":true,"href":"https:\/\/www.prwrestling.com\/nw\/wp-json\/wp\/v2\/tags?post=290393"}],"curies":[{"name":"wp","href":"https:\/\/api.w.org\/{rel}","templated":true}]}}