{"id":292442,"date":"2026-09-01T20:40:54","date_gmt":"2026-09-02T00:40:54","guid":{"rendered":"https:\/\/www.prwrestling.com\/nw\/?p=292442"},"modified":"2026-09-01T20:40:54","modified_gmt":"2026-09-02T00:40:54","slug":"estrella-despedida-de-la-wwe-habla-sobre-la-controvertida-evolucion-de-su-personaj","status":"publish","type":"post","link":"https:\/\/www.prwrestling.com\/nw\/estrella-despedida-de-la-wwe-habla-sobre-la-controvertida-evolucion-de-su-personaj\/","title":{"rendered":"Estrella despedida de la WWE  habla sobre la controvertida evoluci\u00f3n de su personaj"},"content":{"rendered":"<p>Dexter Lumis, liberado por WWE tras WrestleMania 42, habl\u00f3 con total sinceridad sobre uno de los aspectos m\u00e1s pol\u00e9micos de su carrera: el hecho de que su personaje casi nunca hablara en televisi\u00f3n.<\/p>\n<p><!--more--><br \/>\n<div id=\"ad-slot\" style=\"min-width: 300px; min-height: 250px;\">\r\n<p style=\"text-align: center;\">\r\n<!-- Site name: prwrestling.com\r\nZone name: prwrestling.com_banner_300x250\r\nZone id: 2109741734\r\nType: banner\r\nFormat: 300x250\r\n --> \r\n\r\n<!-- Copy and paste this code on the page. -->\r\n<div id='zone_2109741734' ><\/div>\r\n<script>\r\n    (function(w,d,o,g,r,a,m){\r\n        var cid='zone_2109741734';\r\n        w[r]=w[r]||function(){(w[r+'l']=w[r+'l']||[]).push(arguments)};\r\n        function e(b,w,r){if((w[r+'h']=b.pop())&&!w.ABN){\r\n            var a=d.createElement(o),p=d.getElementsByTagName(o)[0];a.async=1;\r\n            a.src='https:\/\/cdn.'+w[r+'h']+'\/libs\/e.js';a.onerror=function(){e(g,w,r)};\r\n            p.parentNode.insertBefore(a,p)}}e(g,w,r);\r\n        w[r](cid,{id:2109741734,domain:w[r+'h']});\r\n    })(window,document,'script',['traffmovie.com'],'ABNS');\r\n<\/script>\r\n\r\n<!--\r\nWhen setting the zone code, make sure:\r\n  - you have provided all domains from which the area code will be called\r\n  - the site does not limit the loading in the Content Security Policy\r\n  - the area code is installed in the ad space inside the page\r\n  - site layout allows you to display the banner on mobile devices in full size\r\nUse data-cp1={customParam1} data-cp2={customParam2}... attributes for sending custom params\r\n-->\r\n<\/p><\/div><\/p>\n<p>Durante su participaci\u00f3n en el podcast <em>Insight<\/em> con Chris Van Vliet, el luchador de 42 a\u00f1os explic\u00f3 c\u00f3mo convirti\u00f3 esa limitaci\u00f3n en su mayor fortaleza. En lugar de ver el silencio como un problema, lo tom\u00f3 como un reto creativo para diferenciarse del resto del roster.<\/p>\n<blockquote><p>\u00abTodo el mundo habla demasiado en la televisi\u00f3n. Yo me preguntaba c\u00f3mo pod\u00eda destacar de forma distinta. As\u00ed naci\u00f3 esa mirada fr\u00eda y ese silencio absoluto. El verdadero desaf\u00edo era lograr que los fans sintieran algo sin que yo dijera ni una sola palabra. Esa se volvi\u00f3 mi misi\u00f3n cada vez que sal\u00eda al ring o aparec\u00eda en pantalla\u00bb, revel\u00f3 Lumis.<\/p><\/blockquote>\n<div class=\"video-container\"><iframe title=\"Reproductor de video de YouTube\" src=\"https:\/\/www.youtube.com\/embed\/3LKqvF-5ABE\" frameborder=\"0\" allowfullscreen=\"allowfullscreen\" aria-label=\"Video de YouTube\"><\/iframe><\/div>\n<p>El ex integrante de <a href=\"https:\/\/www.prwrestling.com\/nw\/tag\/team\/wyatt-sicks\">The Wyatt Sicks<\/a> tambi\u00e9n se refiri\u00f3 a su salida de la compa\u00f1\u00eda junto al resto del grupo a comienzos de este a\u00f1o.<\/p>\n<h2>C\u00f3mo vivi\u00f3 Dexter Lumis su liberaci\u00f3n de WWE<\/h2>\n<p>M\u00e1s all\u00e1 del personaje, Lumis confes\u00f3 que la noticia de su liberaci\u00f3n le gener\u00f3 una monta\u00f1a rusa de emociones. Despu\u00e9s de siete a\u00f1os en la empresa, reconoci\u00f3 que le result\u00f3 duro aceptar el final de una etapa que considera \u00fanica.<\/p>\n<div id=\"ad-slot\" style=\"min-width: 300px; min-height: 250px;\"><p style=\"text-align: center;\">\r\n<script async src=\"https:\/\/pagead2.googlesyndication.com\/pagead\/js\/adsbygoogle.js\"><\/script>\r\n<!-- Responsive sc c -->\r\n<ins class=\"adsbygoogle\"\r\n     style=\"display:block\"\r\n     data-ad-client=\"ca-pub-1244235910658811\"\r\n     data-ad-slot=\"4234005358\"\r\n     data-ad-format=\"auto\"\r\n     data-full-width-responsive=\"true\"><\/ins>\r\n<script>\r\n     (adsbygoogle = window.adsbygoogle || []).push({});\r\n<\/script><\/p><\/div>\n<blockquote><p>\u00abPrefiero concentrarme en el presente y en lo que viene. No tiene sentido quedarse atrapado en lo negativo. Aun as\u00ed, es desalentador. Durante siete a\u00f1os viv\u00ed una carrera muy especial y divertida. Viaj\u00e9 por el mundo y hasta pas\u00e9 mi cumplea\u00f1os en Polonia este a\u00f1o. Recuerdo estar solo en el vestidor y pensar: \u201cEsto es incre\u00edble, realmente soy una Superestrella de WWE\u201d. Esas son las sensaciones que m\u00e1s te marcan: estar lejos de tu familia de sangre, pero sentirte parte de otra familia dentro del vestidor\u00bb, comparti\u00f3.<\/p><\/blockquote>\n<p>Por ahora, el futuro de Dexter Lumis fuera de WWE sigue abierto y los fans esperan ver qu\u00e9 camino toma el talentoso performer.<\/p>\n","protected":false},"excerpt":{"rendered":"<p>Dexter Lumis, liberado por WWE tras WrestleMania 42, habl\u00f3 con total sinceridad sobre uno de los aspectos m\u00e1s pol\u00e9micos de su carrera: el hecho de que su personaje casi nunca hablara en televisi\u00f3n.<\/p>\n","protected":false},"author":3,"featured_media":290189,"comment_status":"closed","ping_status":"closed","sticky":false,"template":"","format":"standard","meta":{"footnotes":""},"categories":[38],"tags":[7597],"class_list":["post-292442","post","type-post","status-publish","format-standard","has-post-thumbnail","category-noticias-y-rumores-de-la-wwe","tag-dexter-lumis"],"_links":{"self":[{"href":"https:\/\/www.prwrestling.com\/nw\/wp-json\/wp\/v2\/posts\/292442","targetHints":{"allow":["GET"]}}],"collection":[{"href":"https:\/\/www.prwrestling.com\/nw\/wp-json\/wp\/v2\/posts"}],"about":[{"href":"https:\/\/www.prwrestling.com\/nw\/wp-json\/wp\/v2\/types\/post"}],"author":[{"embeddable":true,"href":"https:\/\/www.prwrestling.com\/nw\/wp-json\/wp\/v2\/users\/3"}],"replies":[{"embeddable":true,"href":"https:\/\/www.prwrestling.com\/nw\/wp-json\/wp\/v2\/comments?post=292442"}],"version-history":[{"count":2,"href":"https:\/\/www.prwrestling.com\/nw\/wp-json\/wp\/v2\/posts\/292442\/revisions"}],"predecessor-version":[{"id":292444,"href":"https:\/\/www.prwrestling.com\/nw\/wp-json\/wp\/v2\/posts\/292442\/revisions\/292444"}],"wp:featuredmedia":[{"embeddable":true,"href":"https:\/\/www.prwrestling.com\/nw\/wp-json\/wp\/v2\/media\/290189"}],"wp:attachment":[{"href":"https:\/\/www.prwrestling.com\/nw\/wp-json\/wp\/v2\/media?parent=292442"}],"wp:term":[{"taxonomy":"category","embeddable":true,"href":"https:\/\/www.prwrestling.com\/nw\/wp-json\/wp\/v2\/categories?post=292442"},{"taxonomy":"post_tag","embeddable":true,"href":"https:\/\/www.prwrestling.com\/nw\/wp-json\/wp\/v2\/tags?post=292442"}],"curies":[{"name":"wp","href":"https:\/\/api.w.org\/{rel}","templated":true}]}}