{"id":292487,"date":"2026-09-03T13:58:21","date_gmt":"2026-09-03T17:58:21","guid":{"rendered":"https:\/\/www.prwrestling.com\/nw\/?p=292487"},"modified":"2026-09-03T13:58:21","modified_gmt":"2026-09-03T17:58:21","slug":"the-usos-aparentemente-responden-a-las-polemicas-criticas-de-andrade-sobre-los-samoanos-en-wwe","status":"publish","type":"post","link":"https:\/\/www.prwrestling.com\/nw\/the-usos-aparentemente-responden-a-las-polemicas-criticas-de-andrade-sobre-los-samoanos-en-wwe\/","title":{"rendered":"The Usos aparentemente responden a las pol\u00e9micas cr\u00edticas de Andrade sobre los samoanos en WWE"},"content":{"rendered":"<p>The Usos aparentemente respondieron a las pol\u00e9micas declaraciones de Andrade El Idolo sobre las oportunidades que WWE concede a los luchadores samoanos en comparaci\u00f3n con el talento mexicano. Jimmy y Jey Uso no mencionaron directamente al actual luchador de AEW, pero el momento y el contenido de su mensaje provocaron inmediatamente que los fan\u00e1ticos lo interpretaran como una respuesta a sus comentarios.<\/p>\n<p><!--more--><div id=\"ad-slot\" style=\"min-width: 300px; min-height: 250px;\">\r\n<p style=\"text-align: center;\">\r\n<!-- Site name: prwrestling.com\r\nZone name: prwrestling.com_banner_300x250\r\nZone id: 2109741734\r\nType: banner\r\nFormat: 300x250\r\n --> \r\n\r\n<!-- Copy and paste this code on the page. -->\r\n<div id='zone_2109741734' ><\/div>\r\n<script>\r\n    (function(w,d,o,g,r,a,m){\r\n        var cid='zone_2109741734';\r\n        w[r]=w[r]||function(){(w[r+'l']=w[r+'l']||[]).push(arguments)};\r\n        function e(b,w,r){if((w[r+'h']=b.pop())&&!w.ABN){\r\n            var a=d.createElement(o),p=d.getElementsByTagName(o)[0];a.async=1;\r\n            a.src='https:\/\/cdn.'+w[r+'h']+'\/libs\/e.js';a.onerror=function(){e(g,w,r)};\r\n            p.parentNode.insertBefore(a,p)}}e(g,w,r);\r\n        w[r](cid,{id:2109741734,domain:w[r+'h']});\r\n    })(window,document,'script',['traffmovie.com'],'ABNS');\r\n<\/script>\r\n\r\n<!--\r\nWhen setting the zone code, make sure:\r\n  - you have provided all domains from which the area code will be called\r\n  - the site does not limit the loading in the Content Security Policy\r\n  - the area code is installed in the ad space inside the page\r\n  - site layout allows you to display the banner on mobile devices in full size\r\nUse data-cp1={customParam1} data-cp2={customParam2}... attributes for sending custom params\r\n-->\r\n<\/p><\/div><\/p>\n<p>La controversia comenz\u00f3 despu\u00e9s de que <a href=\"https:\/\/www.prwrestling.com\/nw\/tag\/andrade\/\">Andrade<\/a> hablara sobre su experiencia en WWE durante una conversaci\u00f3n con Latin Lover. El mexicano asegur\u00f3 que, desde su perspectiva, algunos luchadores samoanos reciben m\u00faltiples oportunidades para establecerse mientras que talentos mexicanos cuentan con muchas menos posibilidades de demostrar su potencial.<\/p>\n<p>Andrade dej\u00f3 fuera de sus cr\u00edticas a <a href=\"https:\/\/www.prwrestling.com\/nw\/tag\/roman-reigns\/\">Roman Reigns<\/a>, reconociendo el \u00e9xito alcanzado por el excampe\u00f3n mundial. Sin embargo, cuestion\u00f3 que otros talentos puedan recibir oportunidades repetidamente durante a\u00f1os mientras luchadores mexicanos como Santos Escobar, Berto y Angel Garza, seg\u00fan su opini\u00f3n, no han recibido el mismo nivel de respaldo.<\/p>\n<h2>The Usos publican un fuerte mensaje tras las declaraciones de Andrade<\/h2>\n<p>Poco despu\u00e9s de que las declaraciones comenzaran a circular, <a href=\"https:\/\/x.com\/WWEUsos\/status\/2095559331437568215\">The Usos publicaron un mensaje en X<\/a> que r\u00e1pidamente llam\u00f3 la atenci\u00f3n.<\/p>\n<blockquote><p>\u201cNosotros atraemos. Esa es la diferencia entre nosotros y ellos. Deja de quejarte y haz algo.\u201d<\/p><\/blockquote>\n<p>Jimmy y Jey no mencionaron a Andrade por nombre ni hicieron referencia directa a la entrevista. Sin embargo, se\u00f1alaron que ellos generan inter\u00e9s y marcaron esa caracter\u00edstica como la diferencia frente a otros talentos, antes de pedir que dejaran las quejas y demostraran resultados.<\/p>\n<p>La publicaci\u00f3n apareci\u00f3 despu\u00e9s de que Andrade cuestionara precisamente por qu\u00e9 algunos luchadores samoanos contin\u00faan recibiendo oportunidades dentro de WWE, raz\u00f3n por la cual numerosos fan\u00e1ticos interpretaron el mensaje como una respuesta directa al mexicano.<\/p>\n<h2>Andrade critic\u00f3 la diferencia de oportunidades en WWE<\/h2>\n<p>Durante su entrevista, Andrade explic\u00f3 que su molestia no estaba dirigida exclusivamente a su propia experiencia.<\/p>\n<p>El actual luchador de AEW considera que existe talento mexicano dentro de WWE que posee las herramientas necesarias para ocupar posiciones m\u00e1s importantes, pero que no recibe suficientes oportunidades para demostrarlo.<\/p>\n<p>Entre los nombres mencionados estuvieron <a href=\"https:\/\/www.prwrestling.com\/nw\/tag\/santos-escobar\/\">Santos Escobar<\/a>, Berto y Angel Garza.<\/p>\n<p>Andrade argument\u00f3 que existen luchadores a quienes WWE contin\u00faa ofreciendo nuevas oportunidades hasta conseguir establecerlos como estrellas, mientras otros deben aprovechar espacios mucho m\u00e1s limitados.<\/p>\n<h2>Andrade siente que WWE tampoco le dio una verdadera oportunidad<\/h2>\n<p>El excampe\u00f3n de Estados Unidos tambi\u00e9n relacion\u00f3 el tema con su propia trayectoria dentro de la empresa.<\/p>\n<p>Andrade considera que nunca recibi\u00f3 una oportunidad prolongada para demostrar hasta d\u00f3nde pod\u00eda llegar. Por esa raz\u00f3n, explic\u00f3 que intentaba aprovechar al m\u00e1ximo cada segmento televisivo que recib\u00eda, independientemente de si ganaba o perd\u00eda.<\/p>\n<p>Aunque conquist\u00f3 campeonatos durante sus diferentes etapas con WWE, Andrade sostiene que nunca sinti\u00f3 que la compa\u00f1\u00eda depositara completamente su confianza en \u00e9l como una de sus principales figuras.<\/p>\n<p>Su argumento es que determinados talentos pueden recibir numerosas oportunidades hasta que finalmente consiguen conectar con los fan\u00e1ticos, mientras otros disponen de mucho menos tiempo para lograrlo.<\/p>\n<div id=\"ad-slot\" style=\"min-width: 300px; min-height: 250px;\"><p style=\"text-align: center;\">\r\n<script async src=\"https:\/\/pagead2.googlesyndication.com\/pagead\/js\/adsbygoogle.js\"><\/script>\r\n<!-- Responsive sc c -->\r\n<ins class=\"adsbygoogle\"\r\n     style=\"display:block\"\r\n     data-ad-client=\"ca-pub-1244235910658811\"\r\n     data-ad-slot=\"4234005358\"\r\n     data-ad-format=\"auto\"\r\n     data-full-width-responsive=\"true\"><\/ins>\r\n<script>\r\n     (adsbygoogle = window.adsbygoogle || []).push({});\r\n<\/script><\/p><\/div>\n<h2>Roman Reigns fue la excepci\u00f3n se\u00f1alada por Andrade<\/h2>\n<p>Andrade tuvo cuidado de distinguir a Roman Reigns del resto de su cr\u00edtica.<\/p>\n<p>El mexicano reconoci\u00f3 que Reigns aprovech\u00f3 las oportunidades recibidas y termin\u00f3 convirti\u00e9ndose en una de las estrellas m\u00e1s importantes de su generaci\u00f3n.<\/p>\n<p>Su cuestionamiento estuvo dirigido a otros casos dentro de la amplia representaci\u00f3n samoana que hist\u00f3ricamente ha existido en WWE.<\/p>\n<p>Andrade no identific\u00f3 espec\u00edficamente a esos luchadores, por lo que atribuir sus declaraciones a un integrante particular de la familia samoana ser\u00eda especulaci\u00f3n.<\/p>\n<h2>The Usos nunca mencionaron directamente a Andrade<\/h2>\n<p>A pesar de la interpretaci\u00f3n que ha generado la publicaci\u00f3n, existe un detalle importante: <strong>The Usos nunca dijeron que su mensaje estuviera dirigido a Andrade.<\/strong><\/p>\n<p>Por esa raz\u00f3n, no puede afirmarse definitivamente que Jimmy y Jey estuvieran respondiendo al luchador de AEW.<\/p>\n<p>Sin embargo, la proximidad entre las declaraciones de Andrade y la publicaci\u00f3n de The Usos ha provocado que la posible conexi\u00f3n genere discusi\u00f3n entre los fan\u00e1ticos.<\/p>\n<h2>Andrade tambi\u00e9n defendi\u00f3 recientemente a AEW<\/h2>\n<p>La controversia produjo adem\u00e1s cr\u00edticas hacia Andrade en redes sociales. Un fan\u00e1tico cuestion\u00f3 sus comentarios y le pregunt\u00f3 por qu\u00e9 hab\u00eda regresado a WWE si estaba descontento con las oportunidades disponibles.<\/p>\n<p>Andrade respondi\u00f3 que una de las principales razones para regresar hab\u00eda sido trabajar con su entonces esposa, Charlotte Flair.<\/p>\n<p>Tambi\u00e9n rechaz\u00f3 la idea de que hubiese tenido problemas similares durante su anterior etapa en <a href=\"https:\/\/www.prwrestling.com\/nw\/tag\/aew\/\">AEW<\/a>, se\u00f1alando que fue tratado bien por la empresa.<\/p>\n<p>El mexicano incluso elogi\u00f3 a AEW por ofrecer oportunidades a luchadores procedentes de diferentes pa\u00edses y estilos, asegurando que actualmente se encuentra contento y concentrado en esta nueva etapa de su carrera.<\/p>\n<h2>La controversia entre Andrade y The Usos podr\u00eda continuar<\/h2>\n<p>Por ahora, no existe confirmaci\u00f3n de que haya un problema personal entre Andrade y The Usos. La situaci\u00f3n se basa principalmente en las declaraciones p\u00fablicas del mexicano y el posterior mensaje publicado por Jimmy y Jey.<\/p>\n<p>Sin embargo, el debate alrededor de las oportunidades que reciben diferentes talentos dentro de WWE ha convertido el tema en uno de los asuntos m\u00e1s comentados entre los fan\u00e1ticos durante las \u00faltimas horas.<\/p>\n<p><strong>Andrade sostiene que los luchadores mexicanos reciben menos oportunidades para establecerse en WWE, mientras que The Usos aparentemente respondieron destacando su capacidad para generar inter\u00e9s. Al no mencionar a Andrade directamente, queda abierta la interrogante de si realmente se trat\u00f3 de una respuesta o simplemente de una publicaci\u00f3n cuya aparici\u00f3n coincidi\u00f3 con la controversia.<\/strong><\/p>\n","protected":false},"excerpt":{"rendered":"<p>The Usos aparentemente respondieron a las pol\u00e9micas declaraciones de Andrade El Idolo sobre las oportunidades que WWE concede a los luchadores samoanos en comparaci\u00f3n con el talento mexicano. Jimmy y Jey Uso no mencionaron directamente al actual luchador de AEW, pero el momento y el contenido de su mensaje provocaron inmediatamente que los fan\u00e1ticos lo<\/p>\n","protected":false},"author":3,"featured_media":292488,"comment_status":"closed","ping_status":"closed","sticky":false,"template":"","format":"standard","meta":{"footnotes":""},"categories":[38],"tags":[3735],"class_list":["post-292487","post","type-post","status-publish","format-standard","has-post-thumbnail","category-noticias-y-rumores-de-la-wwe","tag-the-usos"],"_links":{"self":[{"href":"https:\/\/www.prwrestling.com\/nw\/wp-json\/wp\/v2\/posts\/292487","targetHints":{"allow":["GET"]}}],"collection":[{"href":"https:\/\/www.prwrestling.com\/nw\/wp-json\/wp\/v2\/posts"}],"about":[{"href":"https:\/\/www.prwrestling.com\/nw\/wp-json\/wp\/v2\/types\/post"}],"author":[{"embeddable":true,"href":"https:\/\/www.prwrestling.com\/nw\/wp-json\/wp\/v2\/users\/3"}],"replies":[{"embeddable":true,"href":"https:\/\/www.prwrestling.com\/nw\/wp-json\/wp\/v2\/comments?post=292487"}],"version-history":[{"count":2,"href":"https:\/\/www.prwrestling.com\/nw\/wp-json\/wp\/v2\/posts\/292487\/revisions"}],"predecessor-version":[{"id":292490,"href":"https:\/\/www.prwrestling.com\/nw\/wp-json\/wp\/v2\/posts\/292487\/revisions\/292490"}],"wp:featuredmedia":[{"embeddable":true,"href":"https:\/\/www.prwrestling.com\/nw\/wp-json\/wp\/v2\/media\/292488"}],"wp:attachment":[{"href":"https:\/\/www.prwrestling.com\/nw\/wp-json\/wp\/v2\/media?parent=292487"}],"wp:term":[{"taxonomy":"category","embeddable":true,"href":"https:\/\/www.prwrestling.com\/nw\/wp-json\/wp\/v2\/categories?post=292487"},{"taxonomy":"post_tag","embeddable":true,"href":"https:\/\/www.prwrestling.com\/nw\/wp-json\/wp\/v2\/tags?post=292487"}],"curies":[{"name":"wp","href":"https:\/\/api.w.org\/{rel}","templated":true}]}}