{"id":292503,"date":"2026-09-04T09:34:56","date_gmt":"2026-09-04T13:34:56","guid":{"rendered":"https:\/\/www.prwrestling.com\/nw\/?p=292503"},"modified":"2026-09-04T09:34:56","modified_gmt":"2026-09-04T13:34:56","slug":"exestrella-de-wwe-sorprende-al-ponerse-las-botas-tras-1677-dias-sin-luchar-prepara-su-regreso","status":"publish","type":"post","link":"https:\/\/www.prwrestling.com\/nw\/exestrella-de-wwe-sorprende-al-ponerse-las-botas-tras-1677-dias-sin-luchar-prepara-su-regreso\/","title":{"rendered":"Exestrella de WWE sorprende al ponerse las botas tras 1,677 d\u00edas sin luchar: \u00bfprepara su regreso?"},"content":{"rendered":"<p><strong>Summer Rae ha provocado nuevas especulaciones sobre un posible regreso a la lucha libre profesional despu\u00e9s de permanecer 1,677 d\u00edas sin competir.<\/strong> La exSuperestrella de WWE apareci\u00f3 nuevamente utilizando su antigua vestimenta de lucha y coloc\u00e1ndose las botas, unas im\u00e1genes que r\u00e1pidamente despertaron interrogantes sobre si se prepara para volver al cuadril\u00e1tero.<\/p>\n<p><!--more--><div id=\"ad-slot\" style=\"min-width: 300px; min-height: 250px;\">\r\n<p style=\"text-align: center;\">\r\n<!-- Site name: prwrestling.com\r\nZone name: prwrestling.com_banner_300x250\r\nZone id: 2109741734\r\nType: banner\r\nFormat: 300x250\r\n --> \r\n\r\n<!-- Copy and paste this code on the page. -->\r\n<div id='zone_2109741734' ><\/div>\r\n<script>\r\n    (function(w,d,o,g,r,a,m){\r\n        var cid='zone_2109741734';\r\n        w[r]=w[r]||function(){(w[r+'l']=w[r+'l']||[]).push(arguments)};\r\n        function e(b,w,r){if((w[r+'h']=b.pop())&&!w.ABN){\r\n            var a=d.createElement(o),p=d.getElementsByTagName(o)[0];a.async=1;\r\n            a.src='https:\/\/cdn.'+w[r+'h']+'\/libs\/e.js';a.onerror=function(){e(g,w,r)};\r\n            p.parentNode.insertBefore(a,p)}}e(g,w,r);\r\n        w[r](cid,{id:2109741734,domain:w[r+'h']});\r\n    })(window,document,'script',['traffmovie.com'],'ABNS');\r\n<\/script>\r\n\r\n<!--\r\nWhen setting the zone code, make sure:\r\n  - you have provided all domains from which the area code will be called\r\n  - the site does not limit the loading in the Content Security Policy\r\n  - the area code is installed in the ad space inside the page\r\n  - site layout allows you to display the banner on mobile devices in full size\r\nUse data-cp1={customParam1} data-cp2={customParam2}... attributes for sending custom params\r\n-->\r\n<\/p><\/div><\/p>\n<p>Summer Rae, cuyo nombre real es Danielle Moinet, comparti\u00f3 varias im\u00e1genes mediante sus historias de Instagram. En una de ellas pod\u00eda verse ajust\u00e1ndose las botas y parte de su equipo de lucha, mientras que posteriormente apareci\u00f3 completamente vestida para competir y pos\u00f3 frente a la c\u00e1mara.<\/p>\n<p>La publicaci\u00f3n llam\u00f3 especialmente la atenci\u00f3n porque Summer Rae no disputa una lucha desde su participaci\u00f3n en el <a href=\"https:\/\/www.prwrestling.com\/nw\/tag\/wwe-royal-rumble\/\">Royal Rumble<\/a> femenino de 2022. Aunque la veterana no anunci\u00f3 oficialmente un regreso, las im\u00e1genes han sido interpretadas por numerosos fan\u00e1ticos como una posible se\u00f1al de que estar\u00eda considerando volver a luchar.<\/p>\n<h2>Summer Rae vuelve a ponerse las botas de lucha<\/h2>\n<p>La exluchadora de WWE sorprendi\u00f3 a sus seguidores al mostrarse nuevamente utilizando una vestimenta asociada directamente con su etapa dentro del cuadril\u00e1tero.<\/p>\n<figure id=\"attachment_292505\" aria-describedby=\"caption-attachment-292505\" style=\"width: 646px\" class=\"wp-caption aligncenter\"><img data-dominant-color=\"c9c4c2\" data-has-transparency=\"false\" style=\"--dominant-color: #c9c4c2;\" loading=\"lazy\" decoding=\"async\" class=\"wp-image-292505 not-transparent\" src=\"https:\/\/www.prwrestling.com\/nw\/wp-content\/uploads\/2026\/09\/f4aaa-17884514928368-1920.webp\" alt=\"Summer Rae\" width=\"646\" height=\"364\" srcset=\"https:\/\/www.prwrestling.com\/nw\/wp-content\/uploads\/2026\/09\/f4aaa-17884514928368-1920.webp 1920w, https:\/\/www.prwrestling.com\/nw\/wp-content\/uploads\/2026\/09\/f4aaa-17884514928368-1920-300x169.webp 300w, https:\/\/www.prwrestling.com\/nw\/wp-content\/uploads\/2026\/09\/f4aaa-17884514928368-1920-768x432.webp 768w, https:\/\/www.prwrestling.com\/nw\/wp-content\/uploads\/2026\/09\/f4aaa-17884514928368-1920-1536x864.webp 1536w, https:\/\/www.prwrestling.com\/nw\/wp-content\/uploads\/2026\/09\/f4aaa-17884514928368-1920-150x84.webp 150w, https:\/\/www.prwrestling.com\/nw\/wp-content\/uploads\/2026\/09\/f4aaa-17884514928368-1920-450x253.webp 450w, https:\/\/www.prwrestling.com\/nw\/wp-content\/uploads\/2026\/09\/f4aaa-17884514928368-1920-1200x675.webp 1200w\" sizes=\"auto, (max-width: 646px) 100vw, 646px\" \/><figcaption id=\"caption-attachment-292505\" class=\"wp-caption-text\">Summer Rae<\/figcaption><\/figure>\n<p>Primero public\u00f3 un video coloc\u00e1ndose y ajust\u00e1ndose las botas. Posteriormente mostr\u00f3 otra imagen en la que aparec\u00eda completamente preparada con su equipo de lucha.<\/p>\n<p>Summer Rae no acompa\u00f1\u00f3 las publicaciones con un anuncio formal sobre su futuro, por lo que todav\u00eda no puede afirmarse que tenga programada una nueva lucha.<\/p>\n<p>Sin embargo, despu\u00e9s de m\u00e1s de cuatro a\u00f1os de ausencia, el simple hecho de verla nuevamente vestida para competir fue suficiente para generar especulaciones sobre sus planes.<\/p>\n<h2>Han pasado 1,677 d\u00edas desde su \u00faltima lucha<\/h2>\n<p>La \u00faltima aparici\u00f3n de Summer Rae dentro de un combate ocurri\u00f3 el <strong>29 de enero de 2022<\/strong>, cuando particip\u00f3 como una de las sorpresas del Royal Rumble femenino de WWE.<\/p>\n<p>Aquella noche regres\u00f3 a la compa\u00f1\u00eda despu\u00e9s de varios a\u00f1os de ausencia y aprovech\u00f3 su aparici\u00f3n para retomar brevemente su antigua rivalidad con Natalya.<\/p>\n<p>Summer ingres\u00f3 al Royal Rumble con el n\u00famero 23, pero permaneci\u00f3 poco tiempo en la lucha antes de ser eliminada por Natalya.<\/p>\n<p>Desde entonces no hab\u00eda vuelto a competir, convirtiendo las nuevas im\u00e1genes en algo particularmente llamativo para quienes han seguido su carrera.<\/p>\n<h2>Summer Rae ha dicho que extra\u00f1a WWE<\/h2>\n<p>Las nuevas publicaciones tampoco aparecen completamente aisladas de sus declaraciones recientes.<\/p>\n<p>Durante una entrevista concedida en julio, Summer Rae reconoci\u00f3 que todav\u00eda extra\u00f1a su etapa dentro de WWE y dej\u00f3 abierta la posibilidad de volver a trabajar con la empresa si surgiera la oportunidad adecuada.<\/p>\n<p>La veterana ha continuado relacionada con el mundo de la lucha libre mediante apariciones y otros proyectos, aunque sin regresar oficialmente a la competencia.<\/p>\n<p>Por esa raz\u00f3n, verla nuevamente coloc\u00e1ndose las botas podr\u00eda indicar simplemente una aparici\u00f3n relacionada con wrestling o, potencialmente, algo m\u00e1s importante.<\/p>\n<div id=\"ad-slot\" style=\"min-width: 300px; min-height: 250px;\"><p style=\"text-align: center;\">\r\n<script async src=\"https:\/\/pagead2.googlesyndication.com\/pagead\/js\/adsbygoogle.js\"><\/script>\r\n<!-- Responsive sc c -->\r\n<ins class=\"adsbygoogle\"\r\n     style=\"display:block\"\r\n     data-ad-client=\"ca-pub-1244235910658811\"\r\n     data-ad-slot=\"4234005358\"\r\n     data-ad-format=\"auto\"\r\n     data-full-width-responsive=\"true\"><\/ins>\r\n<script>\r\n     (adsbygoogle = window.adsbygoogle || []).push({});\r\n<\/script><\/p><\/div>\n<h2>Summer Rae anteriormente ten\u00eda dudas sobre volver a luchar<\/h2>\n<p>Un posible regreso resultar\u00eda todav\u00eda m\u00e1s sorprendente debido a declaraciones realizadas por Summer Rae en a\u00f1os anteriores sobre el desgaste f\u00edsico que sufri\u00f3 durante su carrera.<\/p>\n<p>En 2023 explic\u00f3 que ten\u00eda problemas en el cuello y que tambi\u00e9n hab\u00eda experimentado s\u00edntomas relacionados con el s\u00edndrome de salida tor\u00e1cica.<\/p>\n<p>La situaci\u00f3n lleg\u00f3 a provocarle hormigueo en las manos y dificultades para realizar algunas actividades cotidianas, algo que naturalmente gener\u00f3 preocupaci\u00f3n sobre los riesgos de volver a competir regularmente.<\/p>\n<p>En aquel momento dej\u00f3 claro que extra\u00f1aba la lucha libre y especialmente el aspecto creativo de contar historias, pero no parec\u00eda interesada en regresar a un calendario completo dentro del cuadril\u00e1tero.<\/p>\n<h2>Summer Rae considera que todav\u00eda puede aportar a la lucha libre<\/h2>\n<p>A pesar de aquellas preocupaciones f\u00edsicas, Summer Rae nunca cerr\u00f3 completamente la puerta a continuar relacionada con la industria.<\/p>\n<p>La exSuperestrella ha se\u00f1alado que todav\u00eda piensa en historias y conceptos que podr\u00edan utilizarse dentro de la lucha libre profesional.<\/p>\n<p>Tambi\u00e9n ha mostrado inter\u00e9s en ayudar a talentos m\u00e1s j\u00f3venes y utilizar la experiencia acumulada durante sus a\u00f1os en WWE para contribuir desde diferentes funciones.<\/p>\n<p>Un regreso ocasional al cuadril\u00e1tero podr\u00eda representar una alternativa muy diferente a volver a trabajar semanalmente como luchadora de tiempo completo.<\/p>\n<h2>Summer Rae lleg\u00f3 a WWE en 2011<\/h2>\n<p>Danielle Moinet firm\u00f3 con WWE en 2011 y comenz\u00f3 su preparaci\u00f3n dentro del antiguo territorio de desarrollo Florida Championship Wrestling.<\/p>\n<p>Posteriormente pas\u00f3 a <a href=\"https:\/\/www.prwrestling.com\/nw\/tag\/wwe-nxt\/\">NXT<\/a> antes de llegar al elenco principal en 2013 como compa\u00f1era de baile de <a href=\"https:\/\/www.prwrestling.com\/nw\/tag\/fandango\/\">Fandango<\/a>.<\/p>\n<p>Summer eventualmente comenz\u00f3 a competir regularmente y particip\u00f3 en diferentes historias dentro de la divisi\u00f3n femenina.<\/p>\n<p>Tambi\u00e9n estuvo involucrada en programas junto a figuras como Rusev, Dolph Ziggler, Tyler Breeze y Natalya.<\/p>\n<h2>Su primera etapa con WWE termin\u00f3 en 2017<\/h2>\n<p>Los problemas f\u00edsicos limitaron considerablemente la actividad de Summer Rae durante la parte final de su contrato.<\/p>\n<p>Despu\u00e9s de pasar un periodo prolongado fuera del cuadril\u00e1tero, WWE anunci\u00f3 oficialmente su salida en octubre de 2017.<\/p>\n<p>Summer posteriormente realiz\u00f3 algunas apariciones fuera de la compa\u00f1\u00eda y disput\u00f3 dos combates para Battle Championship Wrestling en Australia durante 2019.<\/p>\n<p>Pasar\u00edan otros tres a\u00f1os antes de que WWE volviera a contar con ella para una lucha.<\/p>\n<h2>WWE la trajo de regreso para Royal Rumble 2022<\/h2>\n<p>Su inesperado regreso ocurri\u00f3 cuando WWE comenz\u00f3 a anunciar diferentes veteranas para completar el Royal Rumble femenino de 2022.<\/p>\n<p>Summer Rae fue una de las participantes seleccionadas y WWE aprovech\u00f3 su historia con Natalya para crear una peque\u00f1a rivalidad antes del evento.<\/p>\n<p>A pesar de que su participaci\u00f3n fue breve, el Royal Rumble demostr\u00f3 que todav\u00eda exist\u00eda inter\u00e9s entre los fan\u00e1ticos por verla nuevamente dentro de WWE.<\/p>\n<p>Ese encuentro permanece oficialmente como su \u00faltima lucha profesional.<\/p>\n<h2>\u00bfRegresar\u00e1 Summer Rae al cuadril\u00e1tero?<\/h2>\n<p>Por ahora, esa pregunta contin\u00faa sin una respuesta definitiva.<\/p>\n<p>Summer Rae <strong>no ha anunciado oficialmente una nueva lucha ni ha confirmado que haya firmado contrato con WWE u otra empresa<\/strong>. Las especulaciones nacen exclusivamente de las recientes im\u00e1genes en las que aparece nuevamente utilizando su equipo de lucha.<\/p>\n<p>Sin embargo, sus publicaciones adquieren mayor relevancia considerando que anteriormente ha reconocido cu\u00e1nto extra\u00f1a la industria y que estar\u00eda abierta a volver a involucrarse bajo las circunstancias adecuadas.<\/p>\n<p><strong>Despu\u00e9s de 1,677 d\u00edas sin disputar una lucha, Summer Rae ha conseguido generar nuevamente conversaci\u00f3n sobre su futuro simplemente coloc\u00e1ndose las botas. Ahora quedar\u00e1 por conocer si las im\u00e1genes solamente estaban relacionadas con una aparici\u00f3n especial o si realmente anticipan su regreso al cuadril\u00e1tero.<\/strong><\/p>\n","protected":false},"excerpt":{"rendered":"<p>Summer Rae ha provocado nuevas especulaciones sobre un posible regreso a la lucha libre profesional despu\u00e9s de permanecer 1,677 d\u00edas sin competir. La exSuperestrella de WWE apareci\u00f3 nuevamente utilizando su antigua vestimenta de lucha y coloc\u00e1ndose las botas, unas im\u00e1genes que r\u00e1pidamente despertaron interrogantes sobre si se prepara para volver al cuadril\u00e1tero.<\/p>\n","protected":false},"author":3,"featured_media":292504,"comment_status":"closed","ping_status":"closed","sticky":false,"template":"","format":"standard","meta":{"footnotes":""},"categories":[38],"tags":[],"class_list":["post-292503","post","type-post","status-publish","format-standard","has-post-thumbnail","category-noticias-y-rumores-de-la-wwe"],"_links":{"self":[{"href":"https:\/\/www.prwrestling.com\/nw\/wp-json\/wp\/v2\/posts\/292503","targetHints":{"allow":["GET"]}}],"collection":[{"href":"https:\/\/www.prwrestling.com\/nw\/wp-json\/wp\/v2\/posts"}],"about":[{"href":"https:\/\/www.prwrestling.com\/nw\/wp-json\/wp\/v2\/types\/post"}],"author":[{"embeddable":true,"href":"https:\/\/www.prwrestling.com\/nw\/wp-json\/wp\/v2\/users\/3"}],"replies":[{"embeddable":true,"href":"https:\/\/www.prwrestling.com\/nw\/wp-json\/wp\/v2\/comments?post=292503"}],"version-history":[{"count":2,"href":"https:\/\/www.prwrestling.com\/nw\/wp-json\/wp\/v2\/posts\/292503\/revisions"}],"predecessor-version":[{"id":292507,"href":"https:\/\/www.prwrestling.com\/nw\/wp-json\/wp\/v2\/posts\/292503\/revisions\/292507"}],"wp:featuredmedia":[{"embeddable":true,"href":"https:\/\/www.prwrestling.com\/nw\/wp-json\/wp\/v2\/media\/292504"}],"wp:attachment":[{"href":"https:\/\/www.prwrestling.com\/nw\/wp-json\/wp\/v2\/media?parent=292503"}],"wp:term":[{"taxonomy":"category","embeddable":true,"href":"https:\/\/www.prwrestling.com\/nw\/wp-json\/wp\/v2\/categories?post=292503"},{"taxonomy":"post_tag","embeddable":true,"href":"https:\/\/www.prwrestling.com\/nw\/wp-json\/wp\/v2\/tags?post=292503"}],"curies":[{"name":"wp","href":"https:\/\/api.w.org\/{rel}","templated":true}]}}