{"id":292519,"date":"2026-09-04T17:25:01","date_gmt":"2026-09-04T21:25:01","guid":{"rendered":"https:\/\/www.prwrestling.com\/nw\/?p=292519"},"modified":"2026-09-04T17:25:01","modified_gmt":"2026-09-04T21:25:01","slug":"se-revela-la-preocupante-razon-de-la-misteriosa-ausencia-de-rusev-en-wwe","status":"publish","type":"post","link":"https:\/\/www.prwrestling.com\/nw\/se-revela-la-preocupante-razon-de-la-misteriosa-ausencia-de-rusev-en-wwe\/","title":{"rendered":"Se revela la preocupante raz\u00f3n de la misteriosa ausencia de Rusev en WWE"},"content":{"rendered":"<p>Finalmente se ha conocido la verdadera raz\u00f3n detr\u00e1s de la prolongada ausencia de Rusev de WWE, luego de que su extra\u00f1a salida inmediatamente despu\u00e9s de perder contra Je\u2019Von Evans en RAW provocara especulaciones entre los fan\u00e1ticos. Contrario a las teor\u00edas de que estaba molesto con el resultado de la lucha, el b\u00falgaro habr\u00eda sufrido un preocupante problema f\u00edsico durante el combate.<\/p>\n<p><!--more--><div id=\"ad-slot\" style=\"min-width: 300px; min-height: 250px;\">\r\n<p style=\"text-align: center;\">\r\n<!-- Site name: prwrestling.com\r\nZone name: prwrestling.com_banner_300x250\r\nZone id: 2109741734\r\nType: banner\r\nFormat: 300x250\r\n --> \r\n\r\n<!-- Copy and paste this code on the page. -->\r\n<div id='zone_2109741734' ><\/div>\r\n<script>\r\n    (function(w,d,o,g,r,a,m){\r\n        var cid='zone_2109741734';\r\n        w[r]=w[r]||function(){(w[r+'l']=w[r+'l']||[]).push(arguments)};\r\n        function e(b,w,r){if((w[r+'h']=b.pop())&&!w.ABN){\r\n            var a=d.createElement(o),p=d.getElementsByTagName(o)[0];a.async=1;\r\n            a.src='https:\/\/cdn.'+w[r+'h']+'\/libs\/e.js';a.onerror=function(){e(g,w,r)};\r\n            p.parentNode.insertBefore(a,p)}}e(g,w,r);\r\n        w[r](cid,{id:2109741734,domain:w[r+'h']});\r\n    })(window,document,'script',['traffmovie.com'],'ABNS');\r\n<\/script>\r\n\r\n<!--\r\nWhen setting the zone code, make sure:\r\n  - you have provided all domains from which the area code will be called\r\n  - the site does not limit the loading in the Content Security Policy\r\n  - the area code is installed in the ad space inside the page\r\n  - site layout allows you to display the banner on mobile devices in full size\r\nUse data-cp1={customParam1} data-cp2={customParam2}... attributes for sending custom params\r\n-->\r\n<\/p><\/div><\/p>\n<p><a href=\"https:\/\/www.prwrestling.com\/nw\/tag\/rusev\/\">Rusev<\/a> no aparece en la programaci\u00f3n de WWE desde finales de julio. Su \u00faltima lucha ocurri\u00f3 en el episodio de RAW del 27 de julio, cuando fue derrotado por <strong>Je\u2019Von Evans<\/strong>.<\/p>\n<p>Seg\u00fan informaci\u00f3n de Fightful Select, Rusev cay\u00f3 de manera inc\u00f3moda sobre su cuello durante el combate y posteriormente comenz\u00f3 a sentir <strong>entumecimiento en las manos<\/strong>. El \u00e1rbitro verific\u00f3 su condici\u00f3n y le pregunt\u00f3 si necesitaban detener la lucha, pero Rusev decidi\u00f3 continuar.<\/p>\n<h2>Rusev sufri\u00f3 un problema f\u00edsico durante su lucha en RAW<\/h2>\n<p>La situaci\u00f3n aparentemente se complic\u00f3 mientras avanzaba el encuentro.<\/p>\n<p>Rusev continu\u00f3 luchando pese a las molestias y finalmente Je\u2019Von Evans consigui\u00f3 una importante victoria sobre el veterano.<\/p>\n<p>Fue precisamente lo ocurrido inmediatamente despu\u00e9s del resultado lo que provoc\u00f3 numerosas especulaciones en las redes sociales.<\/p>\n<p>Rusev se levant\u00f3 r\u00e1pidamente, sali\u00f3 del cuadril\u00e1tero y camin\u00f3 directamente hacia el \u00e1rea detr\u00e1s de bastidores sin permanecer alrededor del ring.<\/p>\n<p>Su lenguaje corporal llev\u00f3 a algunos fan\u00e1ticos a interpretar que podr\u00eda estar molesto por haber perdido contra Evans o incluso descontento con alguna decisi\u00f3n creativa de WWE.<\/p>\n<h2>La verdadera raz\u00f3n por la que Rusev abandon\u00f3 r\u00e1pidamente el ring<\/h2>\n<p>El nuevo reporte presenta una explicaci\u00f3n completamente diferente.<\/p>\n<p>Rusev no habr\u00eda salido r\u00e1pidamente porque estuviera enfadado con el resultado. El luchador simplemente quer\u00eda llegar al \u00e1rea m\u00e9dica despu\u00e9s de experimentar el problema f\u00edsico durante el encuentro.<\/p>\n<p>Fuentes del WWE Performance Center indicaron que el entumecimiento en sus manos apareci\u00f3 despu\u00e9s de aterrizar incorrectamente sobre el cuello.<\/p>\n<p>La situaci\u00f3n fue lo suficientemente preocupante como para que posteriormente existiera la creencia de que WWE lo coloc\u00f3 bajo su protocolo de conmociones cerebrales.<\/p>\n<div class=\"video-container\"><iframe title=\"Reproductor de video de YouTube\" src=\"https:\/\/www.youtube.com\/embed\/RQvlvCsInHs\" frameborder=\"0\" allowfullscreen=\"allowfullscreen\" aria-label=\"Video de YouTube\"><\/iframe><\/div>\n<h2>Rusev recibi\u00f3 varias semanas fuera de WWE<\/h2>\n<p>Despu\u00e9s de lo ocurrido en RAW, WWE le concedi\u00f3 un periodo de varias semanas fuera de acci\u00f3n.<\/p>\n<p>El luchador eventualmente pudo regresar al WWE Performance Center, lo que representaba una se\u00f1al positiva sobre su recuperaci\u00f3n.<\/p>\n<p>Sin embargo, surgi\u00f3 posteriormente otro inconveniente que termin\u00f3 retrasando todav\u00eda m\u00e1s su regreso.<\/p>\n<p>De acuerdo con el reporte, Rusev sufri\u00f3 una <strong>enfermedad cuya naturaleza no fue revelada<\/strong> despu\u00e9s de regresar al Performance Center.<\/p>\n<p>La combinaci\u00f3n de ambas situaciones explica por qu\u00e9 el ex Campe\u00f3n de Estados Unidos ha permanecido fuera de la televisi\u00f3n durante m\u00e1s tiempo del que inicialmente pod\u00eda esperarse.<\/p>\n<div id=\"ad-slot\" style=\"min-width: 300px; min-height: 250px;\"><p style=\"text-align: center;\">\r\n<script async src=\"https:\/\/pagead2.googlesyndication.com\/pagead\/js\/adsbygoogle.js\"><\/script>\r\n<!-- Responsive sc c -->\r\n<ins class=\"adsbygoogle\"\r\n     style=\"display:block\"\r\n     data-ad-client=\"ca-pub-1244235910658811\"\r\n     data-ad-slot=\"4234005358\"\r\n     data-ad-format=\"auto\"\r\n     data-full-width-responsive=\"true\"><\/ins>\r\n<script>\r\n     (adsbygoogle = window.adsbygoogle || []).push({});\r\n<\/script><\/p><\/div>\n<h2>Rusev todav\u00eda esperaba autorizaci\u00f3n m\u00e9dica<\/h2>\n<p>Hasta la semana pasada, Rusev todav\u00eda se encontraba esperando recibir oficialmente la autorizaci\u00f3n m\u00e9dica de WWE para regresar a la competencia.<\/p>\n<p>Sin embargo, las noticias sobre su recuperaci\u00f3n parecen ser positivas.<\/p>\n<p>Actualmente existe la expectativa de que <strong>Rusev pueda regresar a la televisi\u00f3n de WWE durante septiembre<\/strong>, siempre que finalmente reciba la autorizaci\u00f3n necesaria.<\/p>\n<p>Esto coincide con reportes anteriores que se\u00f1alaban que su ausencia no deber\u00eda prolongarse mucho m\u00e1s.<\/p>\n<h2>Su derrota ante Je\u2019Von Evans provoc\u00f3 especulaciones<\/h2>\n<p>La situaci\u00f3n hab\u00eda llamado particularmente la atenci\u00f3n debido al resultado de su \u00faltima lucha.<\/p>\n<p>Je\u2019Von Evans consigui\u00f3 una importante victoria despu\u00e9s de evitar el Machka Kick y posteriormente conectar sus movimientos ofensivos para conseguir la cuenta de tres sobre Rusev.<\/p>\n<p>Una derrota limpia ante uno de los talentos j\u00f3venes de WWE, seguida inmediatamente por Rusev abandonando r\u00e1pidamente el \u00e1rea, cre\u00f3 una combinaci\u00f3n perfecta para generar rumores.<\/p>\n<p>Algunos seguidores comenzaron a preguntarse si Rusev estaba descontento con su posici\u00f3n dentro de la compa\u00f1\u00eda.<\/p>\n<p>La nueva informaci\u00f3n indica que esas especulaciones estaban equivocadas.<\/p>\n<h2>No habr\u00eda problemas creativos entre Rusev y WWE<\/h2>\n<p>Lo m\u00e1s importante del reporte es que la ausencia de Rusev no estar\u00eda relacionada con frustraciones creativas ni con su derrota ante Evans.<\/p>\n<p>Todo habr\u00eda comenzado con el preocupante aterrizaje durante aquella lucha de RAW.<\/p>\n<p>Rusev incluso habr\u00eda querido continuar el combate cuando el \u00e1rbitro le ofreci\u00f3 la posibilidad de detenerlo, pese a que su condici\u00f3n estaba empeorando.<\/p>\n<p>Su r\u00e1pida salida despu\u00e9s de la lucha habr\u00eda sido simplemente consecuencia de querer recibir atenci\u00f3n tras completar el encuentro.<\/p>\n<h2>WWE espera nuevamente a Rusev<\/h2>\n<p>Rusev regres\u00f3 a WWE en 2025 despu\u00e9s de permanecer casi cinco a\u00f1os fuera de la compa\u00f1\u00eda.<\/p>\n<p>Desde entonces, la empresa ha vuelto a presentarlo como una amenaza f\u00edsica importante dentro del elenco masculino.<\/p>\n<p>Su ausencia durante las \u00faltimas semanas hab\u00eda dejado interrogantes sobre sus planes, especialmente porque WWE nunca present\u00f3 inicialmente una explicaci\u00f3n detallada en televisi\u00f3n.<\/p>\n<p>Ahora parece que la espera podr\u00eda estar llegando a su final.<\/p>\n<p>Si Rusev consigue finalmente la autorizaci\u00f3n m\u00e9dica, se espera que The Bulgarian Brute pueda reaparecer en <a href=\"https:\/\/www.prwrestling.com\/nw\/category\/noticias-y-rumores-de-la-wwe\/\">WWE<\/a> durante septiembre. Su misteriosa salida de RAW, por tanto, no habr\u00eda sido una se\u00f1al de frustraci\u00f3n con la empresa, sino la consecuencia de un preocupante incidente f\u00edsico ocurrido durante su lucha contra Je\u2019Von Evans.<\/p>\n","protected":false},"excerpt":{"rendered":"<p>Finalmente se ha conocido la verdadera raz\u00f3n detr\u00e1s de la prolongada ausencia de Rusev de WWE, luego de que su extra\u00f1a salida inmediatamente despu\u00e9s de perder contra Je\u2019Von Evans en RAW provocara especulaciones entre los fan\u00e1ticos. Contrario a las teor\u00edas de que estaba molesto con el resultado de la lucha, el b\u00falgaro habr\u00eda sufrido un<\/p>\n","protected":false},"author":3,"featured_media":292520,"comment_status":"closed","ping_status":"closed","sticky":false,"template":"","format":"standard","meta":{"footnotes":""},"categories":[38],"tags":[1749],"class_list":["post-292519","post","type-post","status-publish","format-standard","has-post-thumbnail","category-noticias-y-rumores-de-la-wwe","tag-rusev"],"_links":{"self":[{"href":"https:\/\/www.prwrestling.com\/nw\/wp-json\/wp\/v2\/posts\/292519","targetHints":{"allow":["GET"]}}],"collection":[{"href":"https:\/\/www.prwrestling.com\/nw\/wp-json\/wp\/v2\/posts"}],"about":[{"href":"https:\/\/www.prwrestling.com\/nw\/wp-json\/wp\/v2\/types\/post"}],"author":[{"embeddable":true,"href":"https:\/\/www.prwrestling.com\/nw\/wp-json\/wp\/v2\/users\/3"}],"replies":[{"embeddable":true,"href":"https:\/\/www.prwrestling.com\/nw\/wp-json\/wp\/v2\/comments?post=292519"}],"version-history":[{"count":2,"href":"https:\/\/www.prwrestling.com\/nw\/wp-json\/wp\/v2\/posts\/292519\/revisions"}],"predecessor-version":[{"id":292522,"href":"https:\/\/www.prwrestling.com\/nw\/wp-json\/wp\/v2\/posts\/292519\/revisions\/292522"}],"wp:featuredmedia":[{"embeddable":true,"href":"https:\/\/www.prwrestling.com\/nw\/wp-json\/wp\/v2\/media\/292520"}],"wp:attachment":[{"href":"https:\/\/www.prwrestling.com\/nw\/wp-json\/wp\/v2\/media?parent=292519"}],"wp:term":[{"taxonomy":"category","embeddable":true,"href":"https:\/\/www.prwrestling.com\/nw\/wp-json\/wp\/v2\/categories?post=292519"},{"taxonomy":"post_tag","embeddable":true,"href":"https:\/\/www.prwrestling.com\/nw\/wp-json\/wp\/v2\/tags?post=292519"}],"curies":[{"name":"wp","href":"https:\/\/api.w.org\/{rel}","templated":true}]}}