{"id":292523,"date":"2026-09-04T21:13:26","date_gmt":"2026-09-05T01:13:26","guid":{"rendered":"https:\/\/www.prwrestling.com\/nw\/?p=292523"},"modified":"2026-09-04T21:13:26","modified_gmt":"2026-09-05T01:13:26","slug":"wwe-continua-con-los-despidos-en-nxt-otra-luchadora-confirma-su-salida","status":"publish","type":"post","link":"https:\/\/www.prwrestling.com\/nw\/wwe-continua-con-los-despidos-en-nxt-otra-luchadora-confirma-su-salida\/","title":{"rendered":"WWE contin\u00faa con los despidos en NXT; otra luchadora confirma su salida"},"content":{"rendered":"<p>Los cambios dentro de WWE NXT contin\u00faan. <strong>PJ Vasa confirm\u00f3 oficialmente que su etapa en WWE lleg\u00f3 a su fin<\/strong>, convirti\u00e9ndose en otro nombre que abandona el sistema de desarrollo de la empresa durante la actual ronda de recortes.<\/p>\n<p><!--more--><div id=\"ad-slot\" style=\"min-width: 300px; min-height: 250px;\">\r\n<p style=\"text-align: center;\">\r\n<!-- Site name: prwrestling.com\r\nZone name: prwrestling.com_banner_300x250\r\nZone id: 2109741734\r\nType: banner\r\nFormat: 300x250\r\n --> \r\n\r\n<!-- Copy and paste this code on the page. -->\r\n<div id='zone_2109741734' ><\/div>\r\n<script>\r\n    (function(w,d,o,g,r,a,m){\r\n        var cid='zone_2109741734';\r\n        w[r]=w[r]||function(){(w[r+'l']=w[r+'l']||[]).push(arguments)};\r\n        function e(b,w,r){if((w[r+'h']=b.pop())&&!w.ABN){\r\n            var a=d.createElement(o),p=d.getElementsByTagName(o)[0];a.async=1;\r\n            a.src='https:\/\/cdn.'+w[r+'h']+'\/libs\/e.js';a.onerror=function(){e(g,w,r)};\r\n            p.parentNode.insertBefore(a,p)}}e(g,w,r);\r\n        w[r](cid,{id:2109741734,domain:w[r+'h']});\r\n    })(window,document,'script',['traffmovie.com'],'ABNS');\r\n<\/script>\r\n\r\n<!--\r\nWhen setting the zone code, make sure:\r\n  - you have provided all domains from which the area code will be called\r\n  - the site does not limit the loading in the Content Security Policy\r\n  - the area code is installed in the ad space inside the page\r\n  - site layout allows you to display the banner on mobile devices in full size\r\nUse data-cp1={customParam1} data-cp2={customParam2}... attributes for sending custom params\r\n-->\r\n<\/p><\/div><\/p>\n<p>Vasa, cuyo nombre real es Penina Tuilaepa, confirm\u00f3 su salida mediante un mensaje publicado en sus redes sociales el viernes 4 de septiembre, donde agradeci\u00f3 a <a href=\"https:\/\/www.prwrestling.com\/nw\/category\/noticias-y-rumores-de-la-wwe\/\">WWE<\/a> por haberle dado la oportunidad de comenzar su carrera dentro de la lucha libre profesional.<\/p>\n<div class=\"video-container\"><iframe title=\"Reproductor de video de YouTube\" src=\"https:\/\/www.youtube.com\/embed\/LPf9BtqiBw4\" frameborder=\"0\" allowfullscreen=\"allowfullscreen\" aria-label=\"Video de YouTube\"><\/iframe><\/div>\n<p>La ahora exluchadora de WWE dej\u00f3 claro que ya est\u00e1 mirando hacia su pr\u00f3ximo cap\u00edtulo y acompa\u00f1\u00f3 su mensaje de despedida con el hashtag <strong>#30Days<\/strong>, haciendo referencia aparentemente al periodo que deber\u00e1 esperar antes de poder continuar con otros proyectos.<\/p>\n<h2>PJ Vasa se despide de WWE<\/h2>\n<p>En su publicaci\u00f3n, Vasa agradeci\u00f3 a WWE por abrirle las puertas al mundo de la lucha libre profesional y describi\u00f3 su paso por la empresa como una experiencia importante en su carrera.<\/p>\n<blockquote><p>\u201cGracias a WWE por abrirme la puerta hacia la lucha libre profesional. \u00a1Qu\u00e9 viaje! Espero m\u00e1s movimiento, m\u00e1s bendiciones y m\u00e1s vida\u201d, expres\u00f3 Vasa en parte de su mensaje.<\/p><\/blockquote>\n<p>Vasa lleg\u00f3 a WWE despu\u00e9s de contar con experiencia en el rugby y comenz\u00f3 su desarrollo intentando abrirse paso dentro de las diferentes plataformas utilizadas por la compa\u00f1\u00eda para presentar nuevos talentos.<\/p>\n<div id=\"ad-slot\" style=\"min-width: 300px; min-height: 250px;\"><p style=\"text-align: center;\">\r\n<script async src=\"https:\/\/pagead2.googlesyndication.com\/pagead\/js\/adsbygoogle.js\"><\/script>\r\n<!-- Responsive sc c -->\r\n<ins class=\"adsbygoogle\"\r\n     style=\"display:block\"\r\n     data-ad-client=\"ca-pub-1244235910658811\"\r\n     data-ad-slot=\"4234005358\"\r\n     data-ad-format=\"auto\"\r\n     data-full-width-responsive=\"true\"><\/ins>\r\n<script>\r\n     (adsbygoogle = window.adsbygoogle || []).push({});\r\n<\/script><\/p><\/div>\n<h2>Particip\u00f3 en WWE LFG y WWE Evolve<\/h2>\n<p>Uno de sus mayores espacios de exposici\u00f3n lleg\u00f3 a trav\u00e9s de <strong>WWE LFG<\/strong>, donde inicialmente compiti\u00f3 utilizando su nombre real, Penina Tuilaepa.<\/p>\n<p>Vasa se convirti\u00f3 en una participante recurrente del programa de A&amp;E, trabajando junto a varias leyendas de WWE mientras el proyecto segu\u00eda el desarrollo de prospectos que buscaban conseguir una oportunidad dentro de la compa\u00f1\u00eda.<\/p>\n<div class=\"video-container\"><iframe title=\"Reproductor de video de YouTube\" src=\"https:\/\/www.youtube.com\/embed\/bayFTDjOn0Y\" frameborder=\"0\" allowfullscreen=\"allowfullscreen\" aria-label=\"Video de YouTube\"><span data-mce-type=\"bookmark\" style=\"display: inline-block; width: 0px; overflow: hidden; line-height: 0;\" class=\"mce_SELRES_start\">\ufeff<\/span><\/iframe><\/div>\n<p>Posteriormente comenz\u00f3 a utilizar el nombre de <strong>PJ Vasa<\/strong> y continu\u00f3 acumulando experiencia a trav\u00e9s de <strong>WWE Evolve<\/strong>, donde tuvo m\u00e1s oportunidades dentro del ring, aunque nunca lleg\u00f3 a establecerse regularmente en la programaci\u00f3n principal de <a href=\"https:\/\/www.prwrestling.com\/nw\/tag\/nxt\">NXT<\/a>.<\/p>\n<h2>Contin\u00faan los recortes en WWE NXT<\/h2>\n<p>La salida de PJ Vasa ocurre en momentos en que WWE est\u00e1 realizando nuevos ajustes dentro de su sistema de desarrollo.<\/p>\n<p><strong><a href=\"https:\/\/www.prwrestling.com\/nw\/se-confirma-salida-de-la-wwe-de-excampeon-nueva-ronda-de-recortes-de-talento\/\">Jasper Troy tambi\u00e9n fue confirmado fuera de WWE<\/a> durante esta misma ronda de movimientos<\/strong>, mientras que los recortes reportados hasta el momento parecen estar concentr\u00e1ndose principalmente en talentos de NXT y el \u00e1rea de desarrollo, en lugar del elenco principal.<\/p>\n<p>El mensaje de Vasa y su referencia a \u201c30 d\u00edas\u201d tambi\u00e9n ha generado interrogantes sobre cu\u00e1l podr\u00eda ser su pr\u00f3ximo destino una vez concluya ese periodo.<\/p>\n<p>Con apenas el comienzo de esta nueva ronda de movimientos, habr\u00e1 que esperar para conocer si <strong>WWE realizar\u00e1 m\u00e1s despidos o cambios dentro del elenco de NXT<\/strong> durante los pr\u00f3ximos d\u00edas.<\/p>\n","protected":false},"excerpt":{"rendered":"<p>Los cambios dentro de WWE NXT contin\u00faan. PJ Vasa confirm\u00f3 oficialmente que su etapa en WWE lleg\u00f3 a su fin, convirti\u00e9ndose en otro nombre que abandona el sistema de desarrollo de la empresa durante la actual ronda de recortes.<\/p>\n","protected":false},"author":3,"featured_media":290480,"comment_status":"closed","ping_status":"closed","sticky":false,"template":"","format":"standard","meta":{"footnotes":""},"categories":[38],"tags":[],"class_list":["post-292523","post","type-post","status-publish","format-standard","has-post-thumbnail","category-noticias-y-rumores-de-la-wwe"],"_links":{"self":[{"href":"https:\/\/www.prwrestling.com\/nw\/wp-json\/wp\/v2\/posts\/292523","targetHints":{"allow":["GET"]}}],"collection":[{"href":"https:\/\/www.prwrestling.com\/nw\/wp-json\/wp\/v2\/posts"}],"about":[{"href":"https:\/\/www.prwrestling.com\/nw\/wp-json\/wp\/v2\/types\/post"}],"author":[{"embeddable":true,"href":"https:\/\/www.prwrestling.com\/nw\/wp-json\/wp\/v2\/users\/3"}],"replies":[{"embeddable":true,"href":"https:\/\/www.prwrestling.com\/nw\/wp-json\/wp\/v2\/comments?post=292523"}],"version-history":[{"count":2,"href":"https:\/\/www.prwrestling.com\/nw\/wp-json\/wp\/v2\/posts\/292523\/revisions"}],"predecessor-version":[{"id":292525,"href":"https:\/\/www.prwrestling.com\/nw\/wp-json\/wp\/v2\/posts\/292523\/revisions\/292525"}],"wp:featuredmedia":[{"embeddable":true,"href":"https:\/\/www.prwrestling.com\/nw\/wp-json\/wp\/v2\/media\/290480"}],"wp:attachment":[{"href":"https:\/\/www.prwrestling.com\/nw\/wp-json\/wp\/v2\/media?parent=292523"}],"wp:term":[{"taxonomy":"category","embeddable":true,"href":"https:\/\/www.prwrestling.com\/nw\/wp-json\/wp\/v2\/categories?post=292523"},{"taxonomy":"post_tag","embeddable":true,"href":"https:\/\/www.prwrestling.com\/nw\/wp-json\/wp\/v2\/tags?post=292523"}],"curies":[{"name":"wp","href":"https:\/\/api.w.org\/{rel}","templated":true}]}}