{"id":3279,"date":"2015-03-15T12:47:36","date_gmt":"2015-03-15T12:47:36","guid":{"rendered":"http:\/\/prwrestling.com\/nw\/?p=3279"},"modified":"2015-03-15T12:48:10","modified_gmt":"2015-03-15T12:48:10","slug":"punk-carga-bandera-boricua-en-evento-ufc","status":"publish","type":"post","link":"https:\/\/www.prwrestling.com\/nw\/punk-carga-bandera-boricua-en-evento-ufc\/","title":{"rendered":"PUNK CARGA BANDERA BORICUA EN EVENTO UFC"},"content":{"rendered":"<p style=\"text-align: left;\"><a href=\"http:\/\/prwrestling.com\/nw\/wp-content\/uploads\/2015\/03\/punbkpr.png\" target=\"_blank\" rel=\"noopener\"><img loading=\"lazy\" decoding=\"async\" class=\"wp-image-3280 aligncenter\" alt=\"punbkpr\" src=\"http:\/\/prwrestling.com\/nw\/wp-content\/uploads\/2015\/03\/punbkpr.png\" width=\"215\" height=\"229\" srcset=\"https:\/\/www.prwrestling.com\/nw\/wp-content\/uploads\/2015\/03\/punbkpr.png 599w, https:\/\/www.prwrestling.com\/nw\/wp-content\/uploads\/2015\/03\/punbkpr-282x300.png 282w\" sizes=\"auto, (max-width: 215px) 100vw, 215px\" \/><\/a>CM Punk carg\u00f3 la bandera boricua anoche en el evento UFC 185 cuando sali\u00f3 como parte del grupo que acompa\u00f1aba al peleador Anthony Pettis.<!--more--><\/p>\n<p>Pettis ten\u00eda tambi\u00e9n a otros dos representantes cargando una bandera mexicana y otra estadounidense cual junto a la boricua representan sus or\u00edgenes.<\/p>\n<p>El peleador fue derrotado en la estelar del show v\u00eda decisi\u00f3n un\u00e1nime ante Rafael dos Anjos.<\/p>\n<p style=\"text-align: center;\"><a href=\"http:\/\/prwrestling.com\/nw\/wp-content\/uploads\/2015\/03\/punkpr2.jpg\" target=\"_blank\" rel=\"noopener\"><img loading=\"lazy\" decoding=\"async\" class=\" wp-image-3281 aligncenter\" alt=\"punkpr2\" src=\"http:\/\/prwrestling.com\/nw\/wp-content\/uploads\/2015\/03\/punkpr2.jpg\" width=\"324\" height=\"286\" srcset=\"https:\/\/www.prwrestling.com\/nw\/wp-content\/uploads\/2015\/03\/punkpr2.jpg 540w, https:\/\/www.prwrestling.com\/nw\/wp-content\/uploads\/2015\/03\/punkpr2-300x265.jpg 300w\" sizes=\"auto, (max-width: 324px) 100vw, 324px\" \/><\/a><\/p>\n","protected":false},"excerpt":{"rendered":"<p>CM Punk carg\u00f3 la bandera boricua anoche en el evento UFC 185 cuando sali\u00f3 como parte del grupo que acompa\u00f1aba al peleador Anthony Pettis.<\/p>\n","protected":false},"author":1,"featured_media":3280,"comment_status":"closed","ping_status":"closed","sticky":false,"template":"","format":"standard","meta":{"footnotes":""},"categories":[5],"tags":[],"class_list":{"0":"post-3279","1":"post","2":"type-post","3":"status-publish","4":"format-standard","5":"has-post-thumbnail","7":"category-noticias"},"_links":{"self":[{"href":"https:\/\/www.prwrestling.com\/nw\/wp-json\/wp\/v2\/posts\/3279","targetHints":{"allow":["GET"]}}],"collection":[{"href":"https:\/\/www.prwrestling.com\/nw\/wp-json\/wp\/v2\/posts"}],"about":[{"href":"https:\/\/www.prwrestling.com\/nw\/wp-json\/wp\/v2\/types\/post"}],"author":[{"embeddable":true,"href":"https:\/\/www.prwrestling.com\/nw\/wp-json\/wp\/v2\/users\/1"}],"replies":[{"embeddable":true,"href":"https:\/\/www.prwrestling.com\/nw\/wp-json\/wp\/v2\/comments?post=3279"}],"version-history":[{"count":3,"href":"https:\/\/www.prwrestling.com\/nw\/wp-json\/wp\/v2\/posts\/3279\/revisions"}],"predecessor-version":[{"id":3284,"href":"https:\/\/www.prwrestling.com\/nw\/wp-json\/wp\/v2\/posts\/3279\/revisions\/3284"}],"wp:featuredmedia":[{"embeddable":true,"href":"https:\/\/www.prwrestling.com\/nw\/wp-json\/wp\/v2\/media\/3280"}],"wp:attachment":[{"href":"https:\/\/www.prwrestling.com\/nw\/wp-json\/wp\/v2\/media?parent=3279"}],"wp:term":[{"taxonomy":"category","embeddable":true,"href":"https:\/\/www.prwrestling.com\/nw\/wp-json\/wp\/v2\/categories?post=3279"},{"taxonomy":"post_tag","embeddable":true,"href":"https:\/\/www.prwrestling.com\/nw\/wp-json\/wp\/v2\/tags?post=3279"}],"curies":[{"name":"wp","href":"https:\/\/api.w.org\/{rel}","templated":true}]}}