{"id":331,"date":"2014-04-13T17:43:07","date_gmt":"2014-04-13T17:43:07","guid":{"rendered":"http:\/\/prwrestling.com\/nw\/?p=331"},"modified":"2014-04-13T17:46:54","modified_gmt":"2014-04-13T17:46:54","slug":"sabin-fuera-de-tna","status":"publish","type":"post","link":"https:\/\/www.prwrestling.com\/nw\/sabin-fuera-de-tna\/","title":{"rendered":"SABIN FUERA DE TNA"},"content":{"rendered":"<p><img loading=\"lazy\" decoding=\"async\" class=\"attachment-post-thumbnail alignleft\" alt=\"sabin\" src=\"http:\/\/prwrestling.com\/nw\/wp-content\/uploads\/2014\/04\/sabin-150x150.jpg\" width=\"150\" height=\"150\" \/>PWInsider reporta que Chris Sabin termin\u00f3 su estad\u00eda en TNA luego de las grabaciones de este pasado fin de semana.<!--more--><\/p>\n<p>Desde\u00a0 hace varias semanas se rumoraba que Sabin estaba en la lista de talentos que su contrato estaba por expirar y reportes indican que al igual que sucedi\u00f3 con AJ Styles, Sabin recibi\u00f3 una oferta menos lucrativa a la actual.<\/p>\n<p>Sabin reci\u00e9n cumpl\u00eda sus 11 a\u00f1os en la empresa este mes de abril.<\/p>\n<p><a href=\"http:\/\/bit.ly\/1huBjXp\" target=\"_blank\" rel=\"noopener\">Nueva edici\u00f3n de DESDE LA 3RA CUERDA con analisis del fin de la racha y el fallecimiento de Ultimate Warrior. Descarga el programa aqu\u00ed<\/a><\/p>\n","protected":false},"excerpt":{"rendered":"<p>PWInsider reporta que Chris Sabin termin\u00f3 su estad\u00eda en TNA luego de las grabaciones de este pasado fin de semana.<\/p>\n","protected":false},"author":1,"featured_media":332,"comment_status":"closed","ping_status":"open","sticky":false,"template":"","format":"standard","meta":{"footnotes":""},"categories":[5],"tags":[],"class_list":{"0":"post-331","1":"post","2":"type-post","3":"status-publish","4":"format-standard","5":"has-post-thumbnail","7":"category-noticias"},"_links":{"self":[{"href":"https:\/\/www.prwrestling.com\/nw\/wp-json\/wp\/v2\/posts\/331","targetHints":{"allow":["GET"]}}],"collection":[{"href":"https:\/\/www.prwrestling.com\/nw\/wp-json\/wp\/v2\/posts"}],"about":[{"href":"https:\/\/www.prwrestling.com\/nw\/wp-json\/wp\/v2\/types\/post"}],"author":[{"embeddable":true,"href":"https:\/\/www.prwrestling.com\/nw\/wp-json\/wp\/v2\/users\/1"}],"replies":[{"embeddable":true,"href":"https:\/\/www.prwrestling.com\/nw\/wp-json\/wp\/v2\/comments?post=331"}],"version-history":[{"count":4,"href":"https:\/\/www.prwrestling.com\/nw\/wp-json\/wp\/v2\/posts\/331\/revisions"}],"predecessor-version":[{"id":336,"href":"https:\/\/www.prwrestling.com\/nw\/wp-json\/wp\/v2\/posts\/331\/revisions\/336"}],"wp:featuredmedia":[{"embeddable":true,"href":"https:\/\/www.prwrestling.com\/nw\/wp-json\/wp\/v2\/media\/332"}],"wp:attachment":[{"href":"https:\/\/www.prwrestling.com\/nw\/wp-json\/wp\/v2\/media?parent=331"}],"wp:term":[{"taxonomy":"category","embeddable":true,"href":"https:\/\/www.prwrestling.com\/nw\/wp-json\/wp\/v2\/categories?post=331"},{"taxonomy":"post_tag","embeddable":true,"href":"https:\/\/www.prwrestling.com\/nw\/wp-json\/wp\/v2\/tags?post=331"}],"curies":[{"name":"wp","href":"https:\/\/api.w.org\/{rel}","templated":true}]}}