{"id":3410,"date":"2015-03-25T02:18:13","date_gmt":"2015-03-25T02:18:13","guid":{"rendered":"http:\/\/prwrestling.com\/nw\/?p=3410"},"modified":"2015-03-25T02:18:13","modified_gmt":"2015-03-25T02:18:13","slug":"oficial-lesnar-se-queda-en-la-wwe","status":"publish","type":"post","link":"https:\/\/www.prwrestling.com\/nw\/oficial-lesnar-se-queda-en-la-wwe\/","title":{"rendered":"OFICIAL: LESNAR SE QUEDA EN LA WWE"},"content":{"rendered":"<p><img loading=\"lazy\" decoding=\"async\" class=\"attachment-post-thumbnail alignleft\" style=\"line-height: 1.5em;\" alt=\"brock lesnar\" src=\"http:\/\/prwrestling.com\/nw\/wp-content\/uploads\/2015\/03\/brock-lesnar-150x150.jpg\" width=\"150\" height=\"150\" \/><em>Anuncia extensi\u00f3n de contrato y el posible impacto de cara a este domingo.<!--more--><\/em><\/p>\n<p>Brock Lesnar anunci\u00f3 en ESPN SportsCenter en la noche del martes que firm\u00f3 un nuevo contrato con la WWE el lunes y que ha cerrado el libro en una carrera de MMA.<\/p>\n<p>Lesnar dijo que se sent\u00eda bien f\u00edsicamente despu\u00e9s de dos meses y medio de entrenamiento de MMA, pero la WWE hizo la oferta adecuada: dinero a tiempo completo para el trabajo a tiempo parcial. Dijo que pas\u00f3 por muchas noches sin dormir y hab\u00eda estado debatiendo la decisi\u00f3n durante el pasado a\u00f1o porque estaba infeliz con la forma en que sali\u00f3 de la UFC con una racha de derrotas.<\/p>\n<p>&#8220;Mi legado en el Oct\u00e1gono ha terminado&#8221;, dijo, y agreg\u00f3 que el domingo no ser\u00eda su \u00faltima lucha en la WWE.<\/p>\n<p>Lesnar mencion\u00f3 que hubo un tranque\u00a0 por un tiempo en sus negociaciones con la WWE, pero dijo que Vince McMahon le hizo una gran oferta el mismo lunes.<\/p>\n<p>La permanencia de Lesnar trae nuevas preguntas en cuanto a la direcci\u00f3n de la WWE post WrestleMania. Una de ellas es si Roman Reigns en efecto se coronar\u00e1 campe\u00f3n, como se espera que pase. No es secreto que el apoyo de la fanaticada a Reigns no tiene a muchos emocionados y ahora que Lesnar se queda la WWE puede aguantar su momento de gloria para otra ocasi\u00f3n.<\/p>\n<p>Tambi\u00e9n han tomado fuerza los rumores de que Lesnar vs Rock esta en planes para WM 32 y de este seguir siendo el curso el resultado de este domingo podr\u00eda jugar alg\u00fan papel en esta ri\u00f1a.<\/p>\n","protected":false},"excerpt":{"rendered":"<p>Anuncia extensi\u00f3n de contrato y el posible impacto de cara a este domingo.<\/p>\n","protected":false},"author":1,"featured_media":3411,"comment_status":"closed","ping_status":"closed","sticky":false,"template":"","format":"standard","meta":{"footnotes":""},"categories":[5],"tags":[],"class_list":{"0":"post-3410","1":"post","2":"type-post","3":"status-publish","4":"format-standard","5":"has-post-thumbnail","7":"category-noticias"},"_links":{"self":[{"href":"https:\/\/www.prwrestling.com\/nw\/wp-json\/wp\/v2\/posts\/3410","targetHints":{"allow":["GET"]}}],"collection":[{"href":"https:\/\/www.prwrestling.com\/nw\/wp-json\/wp\/v2\/posts"}],"about":[{"href":"https:\/\/www.prwrestling.com\/nw\/wp-json\/wp\/v2\/types\/post"}],"author":[{"embeddable":true,"href":"https:\/\/www.prwrestling.com\/nw\/wp-json\/wp\/v2\/users\/1"}],"replies":[{"embeddable":true,"href":"https:\/\/www.prwrestling.com\/nw\/wp-json\/wp\/v2\/comments?post=3410"}],"version-history":[{"count":1,"href":"https:\/\/www.prwrestling.com\/nw\/wp-json\/wp\/v2\/posts\/3410\/revisions"}],"predecessor-version":[{"id":3412,"href":"https:\/\/www.prwrestling.com\/nw\/wp-json\/wp\/v2\/posts\/3410\/revisions\/3412"}],"wp:featuredmedia":[{"embeddable":true,"href":"https:\/\/www.prwrestling.com\/nw\/wp-json\/wp\/v2\/media\/3411"}],"wp:attachment":[{"href":"https:\/\/www.prwrestling.com\/nw\/wp-json\/wp\/v2\/media?parent=3410"}],"wp:term":[{"taxonomy":"category","embeddable":true,"href":"https:\/\/www.prwrestling.com\/nw\/wp-json\/wp\/v2\/categories?post=3410"},{"taxonomy":"post_tag","embeddable":true,"href":"https:\/\/www.prwrestling.com\/nw\/wp-json\/wp\/v2\/tags?post=3410"}],"curies":[{"name":"wp","href":"https:\/\/api.w.org\/{rel}","templated":true}]}}