{"id":3877,"date":"2015-05-12T02:10:20","date_gmt":"2015-05-12T02:10:20","guid":{"rendered":"http:\/\/prwrestling.com\/nw\/?p=3877"},"modified":"2015-05-12T02:15:53","modified_gmt":"2015-05-12T02:15:53","slug":"oficial-bryan-deja-vacante-campeonato-ic","status":"publish","type":"post","link":"https:\/\/www.prwrestling.com\/nw\/oficial-bryan-deja-vacante-campeonato-ic\/","title":{"rendered":"OFICIAL: BRYAN DEJA VACANTE CAMPEONATO IC"},"content":{"rendered":"<p style=\"text-align: center;\"><a href=\"http:\/\/prwrestling.com\/nw\/wp-content\/uploads\/2015\/05\/daniel-bryan.jpg\" target=\"_blank\" rel=\"noopener\"><img loading=\"lazy\" decoding=\"async\" class=\" wp-image-3878 aligncenter\" alt=\"daniel bryan\" src=\"http:\/\/prwrestling.com\/nw\/wp-content\/uploads\/2015\/05\/daniel-bryan.jpg\" width=\"385\" height=\"217\" srcset=\"https:\/\/www.prwrestling.com\/nw\/wp-content\/uploads\/2015\/05\/daniel-bryan.jpg 642w, https:\/\/www.prwrestling.com\/nw\/wp-content\/uploads\/2015\/05\/daniel-bryan-300x168.jpg 300w\" sizes=\"auto, (max-width: 385px) 100vw, 385px\" \/><\/a><\/p>\n<p>Hoy durante Raw, Daniel Bryan sale con el campeonato Intercontinental en mano. Recuerda cuando le quitaron el campeonato Mundial hace un a\u00f1o atr\u00e1s. <!--more-->Dice que la fanaticada merece un campe\u00f3n que pelee. Bryan dice que le tomaron un MRI la semana pasada y no saben cu\u00e1nto tiempo estar\u00e1 fuera de acci\u00f3n. Tal vez d\u00edas, meses o hasta no podr\u00eda volver a luchar.<\/p>\n<p>Los fans merecen ver a luchadores como Wade Barret y Dean Ambrose luchando por el campeonato en el ring y en el ring deja el campeonato, de esa manera oficialmente deja vacante la correa.<\/p>\n<p>Coros de \u201cThank You Daniel\u201d y el luchador dice que es \u00e9l quien le da las gracia a los fans, coloca el campeonato en el ring y se marcha, no sin antes hacer el &#8220;Yes&#8221; junto a los fans.<\/p>\n","protected":false},"excerpt":{"rendered":"<p>Hoy durante Raw, Daniel Bryan sale con el campeonato Intercontinental en mano. Recuerda cuando le quitaron el campeonato Mundial hace un a\u00f1o atr\u00e1s.<\/p>\n","protected":false},"author":1,"featured_media":3878,"comment_status":"closed","ping_status":"closed","sticky":false,"template":"","format":"standard","meta":{"footnotes":""},"categories":[5],"tags":[],"class_list":{"0":"post-3877","1":"post","2":"type-post","3":"status-publish","4":"format-standard","5":"has-post-thumbnail","7":"category-noticias"},"_links":{"self":[{"href":"https:\/\/www.prwrestling.com\/nw\/wp-json\/wp\/v2\/posts\/3877","targetHints":{"allow":["GET"]}}],"collection":[{"href":"https:\/\/www.prwrestling.com\/nw\/wp-json\/wp\/v2\/posts"}],"about":[{"href":"https:\/\/www.prwrestling.com\/nw\/wp-json\/wp\/v2\/types\/post"}],"author":[{"embeddable":true,"href":"https:\/\/www.prwrestling.com\/nw\/wp-json\/wp\/v2\/users\/1"}],"replies":[{"embeddable":true,"href":"https:\/\/www.prwrestling.com\/nw\/wp-json\/wp\/v2\/comments?post=3877"}],"version-history":[{"count":3,"href":"https:\/\/www.prwrestling.com\/nw\/wp-json\/wp\/v2\/posts\/3877\/revisions"}],"predecessor-version":[{"id":3881,"href":"https:\/\/www.prwrestling.com\/nw\/wp-json\/wp\/v2\/posts\/3877\/revisions\/3881"}],"wp:featuredmedia":[{"embeddable":true,"href":"https:\/\/www.prwrestling.com\/nw\/wp-json\/wp\/v2\/media\/3878"}],"wp:attachment":[{"href":"https:\/\/www.prwrestling.com\/nw\/wp-json\/wp\/v2\/media?parent=3877"}],"wp:term":[{"taxonomy":"category","embeddable":true,"href":"https:\/\/www.prwrestling.com\/nw\/wp-json\/wp\/v2\/categories?post=3877"},{"taxonomy":"post_tag","embeddable":true,"href":"https:\/\/www.prwrestling.com\/nw\/wp-json\/wp\/v2\/tags?post=3877"}],"curies":[{"name":"wp","href":"https:\/\/api.w.org\/{rel}","templated":true}]}}