{"id":4183,"date":"2015-06-14T15:49:25","date_gmt":"2015-06-14T15:49:25","guid":{"rendered":"http:\/\/prwrestling.com\/nw\/?p=4183"},"modified":"2015-06-14T15:49:52","modified_gmt":"2015-06-14T15:49:52","slug":"notas-de-la-lucha-libre-boricua-5","status":"publish","type":"post","link":"https:\/\/www.prwrestling.com\/nw\/notas-de-la-lucha-libre-boricua-5\/","title":{"rendered":"NOTAS DE LA LUCHA LIBRE BORICUA"},"content":{"rendered":"<p style=\"text-align: center;\"><a href=\"http:\/\/prwrestling.com\/nw\/wp-content\/uploads\/2015\/05\/mike-mendoza.jpg\" target=\"_blank\" rel=\"noopener\"><img loading=\"lazy\" decoding=\"async\" class=\" wp-image-3946 aligncenter\" alt=\"mike mendoza\" src=\"http:\/\/prwrestling.com\/nw\/wp-content\/uploads\/2015\/05\/mike-mendoza.jpg\" width=\"403\" height=\"227\" srcset=\"https:\/\/www.prwrestling.com\/nw\/wp-content\/uploads\/2015\/05\/mike-mendoza.jpg 960w, https:\/\/www.prwrestling.com\/nw\/wp-content\/uploads\/2015\/05\/mike-mendoza-300x168.jpg 300w\" sizes=\"auto, (max-width: 403px) 100vw, 403px\" \/><\/a><\/p>\n<p><em>Otra lucha confirmada para Summer Madness; WWL anuncia nobre al\u00a0Sal\u00f3n de los Inmortales.<!--more--><\/em><\/p>\n<ul>\n<li>En WWC, Tras la Revoluci\u00f3n recortarle un mech\u00f3n de su pelo, Mike Mendoza ret\u00f3 a uno de los integrantes a una lucha de Mascara vs Cabellera en Sumer Madness el s\u00e1bado 27 de junio en Caguas.<\/li>\n<\/ul>\n<ul>\n<li>Carlito vs Ray Gonzalez en lucha de ambulancia y Chicano vs Mr 450 por el campeonato Universal en lucha TLC tambi\u00e9n est\u00e1n confirmadas para el show.<\/li>\n<\/ul>\n<ul>\n<li>\u00a0En la WWL,\u00a0El Profe fue anunciado como el segundo nombre a entrar al Sal\u00f3n de los Inmortales, a celebrarse el 2 de agosto en el teatro Ambassador. El Invader #3 ser\u00e1 parte de los exaltados esa noche.<\/li>\n<\/ul>\n<ul>\n<li>\u00a0El Cuervo se integra al roster de la WWL pr\u00f3ximamente.<\/li>\n<\/ul>\n","protected":false},"excerpt":{"rendered":"<p>Otra lucha confirmada para Summer Madness; WWL anuncia nobre al\u00a0Sal\u00f3n de los Inmortales.<\/p>\n","protected":false},"author":1,"featured_media":3946,"comment_status":"closed","ping_status":"closed","sticky":false,"template":"","format":"standard","meta":{"footnotes":""},"categories":[5],"tags":[],"class_list":{"0":"post-4183","1":"post","2":"type-post","3":"status-publish","4":"format-standard","5":"has-post-thumbnail","7":"category-noticias"},"_links":{"self":[{"href":"https:\/\/www.prwrestling.com\/nw\/wp-json\/wp\/v2\/posts\/4183","targetHints":{"allow":["GET"]}}],"collection":[{"href":"https:\/\/www.prwrestling.com\/nw\/wp-json\/wp\/v2\/posts"}],"about":[{"href":"https:\/\/www.prwrestling.com\/nw\/wp-json\/wp\/v2\/types\/post"}],"author":[{"embeddable":true,"href":"https:\/\/www.prwrestling.com\/nw\/wp-json\/wp\/v2\/users\/1"}],"replies":[{"embeddable":true,"href":"https:\/\/www.prwrestling.com\/nw\/wp-json\/wp\/v2\/comments?post=4183"}],"version-history":[{"count":1,"href":"https:\/\/www.prwrestling.com\/nw\/wp-json\/wp\/v2\/posts\/4183\/revisions"}],"predecessor-version":[{"id":4184,"href":"https:\/\/www.prwrestling.com\/nw\/wp-json\/wp\/v2\/posts\/4183\/revisions\/4184"}],"wp:featuredmedia":[{"embeddable":true,"href":"https:\/\/www.prwrestling.com\/nw\/wp-json\/wp\/v2\/media\/3946"}],"wp:attachment":[{"href":"https:\/\/www.prwrestling.com\/nw\/wp-json\/wp\/v2\/media?parent=4183"}],"wp:term":[{"taxonomy":"category","embeddable":true,"href":"https:\/\/www.prwrestling.com\/nw\/wp-json\/wp\/v2\/categories?post=4183"},{"taxonomy":"post_tag","embeddable":true,"href":"https:\/\/www.prwrestling.com\/nw\/wp-json\/wp\/v2\/tags?post=4183"}],"curies":[{"name":"wp","href":"https:\/\/api.w.org\/{rel}","templated":true}]}}