{"id":4216,"date":"2015-06-20T15:51:12","date_gmt":"2015-06-20T15:51:12","guid":{"rendered":"http:\/\/prwrestling.com\/nw\/?p=4216"},"modified":"2015-06-20T15:51:12","modified_gmt":"2015-06-20T15:51:12","slug":"aun-lejos-el-debut-de-punk-en-ufc","status":"publish","type":"post","link":"https:\/\/www.prwrestling.com\/nw\/aun-lejos-el-debut-de-punk-en-ufc\/","title":{"rendered":"AUN LEJOS EL DEBUT DE PUNK EN UFC"},"content":{"rendered":"<p style=\"text-align: center;\"><a href=\"http:\/\/prwrestling.com\/nw\/wp-content\/uploads\/2015\/06\/cm-punk-mma.jpg\" target=\"_blank\" rel=\"noopener\"><img loading=\"lazy\" decoding=\"async\" class=\" wp-image-4217 aligncenter\" alt=\"cm-punk-mma\" src=\"http:\/\/prwrestling.com\/nw\/wp-content\/uploads\/2015\/06\/cm-punk-mma.jpg\" width=\"420\" height=\"210\" srcset=\"https:\/\/www.prwrestling.com\/nw\/wp-content\/uploads\/2015\/06\/cm-punk-mma.jpg 600w, https:\/\/www.prwrestling.com\/nw\/wp-content\/uploads\/2015\/06\/cm-punk-mma-300x150.jpg 300w\" sizes=\"auto, (max-width: 420px) 100vw, 420px\" \/><\/a><\/p>\n<p><strong><\/strong>FOXSports.com tiene un art\u00edculo sobre los recientes comentarios que CM Punk hizo en el podcast Anik y Florian acerca de c\u00f3mo est\u00e1 viendo la ruta hacia su debut en UFC.<!--more--><\/p>\n<p>&#8220;Estoy mirando el cuadro grande. Esto no es un uno y hecho para m\u00ed. Gane, pierda o empate esto es algo para lo que estoy entrenando. Siento como que ser\u00eda una s\u00faper p\u00e9rdida de tiempo si me estaba entrenando para una pelea en lugar de hacer una carrera fuera de esto&#8221;. &#8220;Estoy buscando maximizar mi tiempo aqu\u00ed. Si yo termino peleando en el 2016, yo no voy a estar molesto por eso,&#8221; dijo Punk.<\/p>\n<p>\u201cLa gente me pregunta todos los d\u00edas cuando estar\u00e9 peleando y la respuesta es siempre: &#8220;Yo no \u00a0s\u00e9 todav\u00eda.&#8221; Ni siquiera hemos hablado de eso. La idea era llegar tan preparado como me sea posible. Estoy aprendiendo mucho cada d\u00eda. Escucho a la gente diciendo que el entrenamiento para una pelea es m\u00e1s duro que la pelea. Si eso es cierto, entonces cada vez estoy m\u00e1s cerca de entrar al Oct\u00e1gono y no voy a tener ning\u00fan problema en lo absoluto. Duke me ha dicho, y creo que lo ha dicho p\u00fablicamente, que \u00e9l me quisiera tener entrenando por 12 meses antes de que \u00e9l apruebe el que yo pelee,&#8221; dijo el ex campe\u00f3n de la WWE.<\/p>\n","protected":false},"excerpt":{"rendered":"<p>FOXSports.com tiene un art\u00edculo sobre los recientes comentarios que CM Punk hizo en el podcast Anik y Florian acerca de c\u00f3mo est\u00e1 viendo la ruta hacia su debut en UFC.<\/p>\n","protected":false},"author":1,"featured_media":4217,"comment_status":"closed","ping_status":"closed","sticky":false,"template":"","format":"standard","meta":{"footnotes":""},"categories":[5],"tags":[],"class_list":{"0":"post-4216","1":"post","2":"type-post","3":"status-publish","4":"format-standard","5":"has-post-thumbnail","7":"category-noticias"},"_links":{"self":[{"href":"https:\/\/www.prwrestling.com\/nw\/wp-json\/wp\/v2\/posts\/4216","targetHints":{"allow":["GET"]}}],"collection":[{"href":"https:\/\/www.prwrestling.com\/nw\/wp-json\/wp\/v2\/posts"}],"about":[{"href":"https:\/\/www.prwrestling.com\/nw\/wp-json\/wp\/v2\/types\/post"}],"author":[{"embeddable":true,"href":"https:\/\/www.prwrestling.com\/nw\/wp-json\/wp\/v2\/users\/1"}],"replies":[{"embeddable":true,"href":"https:\/\/www.prwrestling.com\/nw\/wp-json\/wp\/v2\/comments?post=4216"}],"version-history":[{"count":1,"href":"https:\/\/www.prwrestling.com\/nw\/wp-json\/wp\/v2\/posts\/4216\/revisions"}],"predecessor-version":[{"id":4218,"href":"https:\/\/www.prwrestling.com\/nw\/wp-json\/wp\/v2\/posts\/4216\/revisions\/4218"}],"wp:featuredmedia":[{"embeddable":true,"href":"https:\/\/www.prwrestling.com\/nw\/wp-json\/wp\/v2\/media\/4217"}],"wp:attachment":[{"href":"https:\/\/www.prwrestling.com\/nw\/wp-json\/wp\/v2\/media?parent=4216"}],"wp:term":[{"taxonomy":"category","embeddable":true,"href":"https:\/\/www.prwrestling.com\/nw\/wp-json\/wp\/v2\/categories?post=4216"},{"taxonomy":"post_tag","embeddable":true,"href":"https:\/\/www.prwrestling.com\/nw\/wp-json\/wp\/v2\/tags?post=4216"}],"curies":[{"name":"wp","href":"https:\/\/api.w.org\/{rel}","templated":true}]}}