{"id":4491,"date":"2015-07-20T22:54:08","date_gmt":"2015-07-20T22:54:08","guid":{"rendered":"http:\/\/prwrestling.com\/nw\/?p=4491"},"modified":"2015-07-20T22:57:43","modified_gmt":"2015-07-20T22:57:43","slug":"jericho-estara-en-raw-live-en-san-juan","status":"publish","type":"post","link":"https:\/\/www.prwrestling.com\/nw\/jericho-estara-en-raw-live-en-san-juan\/","title":{"rendered":"JERICHO ESTARA EN &#8216;RAW LIVE&#8217; EN SAN JUAN"},"content":{"rendered":"<p style=\"text-align: center;\"><a href=\"http:\/\/prwrestling.com\/nw\/wp-content\/uploads\/2014\/07\/chris-jericho.jpg\" target=\"_blank\" rel=\"noopener\"><img loading=\"lazy\" decoding=\"async\" class=\" wp-image-961 aligncenter\" alt=\"chris jericho\" src=\"http:\/\/prwrestling.com\/nw\/wp-content\/uploads\/2014\/07\/chris-jericho.jpg\" width=\"210\" height=\"210\" srcset=\"https:\/\/www.prwrestling.com\/nw\/wp-content\/uploads\/2014\/07\/chris-jericho.jpg 300w, https:\/\/www.prwrestling.com\/nw\/wp-content\/uploads\/2014\/07\/chris-jericho-150x150.jpg 150w, https:\/\/www.prwrestling.com\/nw\/wp-content\/uploads\/2014\/07\/chris-jericho-75x75.jpg 75w\" sizes=\"auto, (max-width: 210px) 100vw, 210px\" \/><\/a><\/p>\n<p>Chris Jericho ya est\u00e1 siendo anunciado oficialmente por la WWE a estar en el show de la empresa en la Isla a celebrarse el 29 de agosto en el Coliseo de PR.<!--more--><\/p>\n<p>El luchador hab\u00eda mencionado previamente en su podcast que San Juan era parte de los lugares en donde estar\u00eda viendo acci\u00f3n en el verano, sin embargo su nombre no hab\u00eda sido anunciado como parte del roster de nombres a presentarse esa noche.<\/p>\n<p>Hasta el momento no hay una lucha anunciada para \u201cY2J\u201d esa noche.<\/p>\n","protected":false},"excerpt":{"rendered":"<p>Chris Jericho ya est\u00e1 siendo anunciado oficialmente por la WWE a estar en el show de la empresa en la Isla a celebrarse el 29 de agosto en el Coliseo de PR.<\/p>\n","protected":false},"author":1,"featured_media":961,"comment_status":"closed","ping_status":"closed","sticky":false,"template":"","format":"standard","meta":{"footnotes":""},"categories":[5],"tags":[],"class_list":{"0":"post-4491","1":"post","2":"type-post","3":"status-publish","4":"format-standard","5":"has-post-thumbnail","7":"category-noticias"},"_links":{"self":[{"href":"https:\/\/www.prwrestling.com\/nw\/wp-json\/wp\/v2\/posts\/4491","targetHints":{"allow":["GET"]}}],"collection":[{"href":"https:\/\/www.prwrestling.com\/nw\/wp-json\/wp\/v2\/posts"}],"about":[{"href":"https:\/\/www.prwrestling.com\/nw\/wp-json\/wp\/v2\/types\/post"}],"author":[{"embeddable":true,"href":"https:\/\/www.prwrestling.com\/nw\/wp-json\/wp\/v2\/users\/1"}],"replies":[{"embeddable":true,"href":"https:\/\/www.prwrestling.com\/nw\/wp-json\/wp\/v2\/comments?post=4491"}],"version-history":[{"count":4,"href":"https:\/\/www.prwrestling.com\/nw\/wp-json\/wp\/v2\/posts\/4491\/revisions"}],"predecessor-version":[{"id":4495,"href":"https:\/\/www.prwrestling.com\/nw\/wp-json\/wp\/v2\/posts\/4491\/revisions\/4495"}],"wp:featuredmedia":[{"embeddable":true,"href":"https:\/\/www.prwrestling.com\/nw\/wp-json\/wp\/v2\/media\/961"}],"wp:attachment":[{"href":"https:\/\/www.prwrestling.com\/nw\/wp-json\/wp\/v2\/media?parent=4491"}],"wp:term":[{"taxonomy":"category","embeddable":true,"href":"https:\/\/www.prwrestling.com\/nw\/wp-json\/wp\/v2\/categories?post=4491"},{"taxonomy":"post_tag","embeddable":true,"href":"https:\/\/www.prwrestling.com\/nw\/wp-json\/wp\/v2\/tags?post=4491"}],"curies":[{"name":"wp","href":"https:\/\/api.w.org\/{rel}","templated":true}]}}