{"id":512,"date":"2014-05-08T01:17:54","date_gmt":"2014-05-08T01:17:54","guid":{"rendered":"http:\/\/prwrestling.com\/nw\/?p=512"},"modified":"2014-05-08T01:18:08","modified_gmt":"2014-05-08T01:18:08","slug":"notas-de-la-wwe-5","status":"publish","type":"post","link":"https:\/\/www.prwrestling.com\/nw\/notas-de-la-wwe-5\/","title":{"rendered":"NOTAS DE LA WWE"},"content":{"rendered":"<p><img loading=\"lazy\" decoding=\"async\" class=\"attachment-post-thumbnail alignleft\" alt=\"rusev\" src=\"http:\/\/prwrestling.com\/nw\/wp-content\/uploads\/2014\/05\/rusev-150x150.jpg\" width=\"150\" height=\"150\" \/><em>Luchador y manejadora en relaci\u00f3n; Noticias del Shield y Los Matadores.<\/em><!--more--><\/p>\n<p>El Wrestling Observer reporta que \u00a0Rusev y su manejadora est\u00e1n actualmente involucrados rom\u00e1nticamente.<\/p>\n<p>El Observer tambi\u00e9n reporta que el plan que hab\u00eda de romper al Shield, originalmente pautado en ruta a WrestleMania, est\u00e1 completamente descartado por el momento y los tres se mantendr\u00e1n como unidad hasta nuevo aviso.<\/p>\n<p>Dentro del especial de Carlos Colon en ruta al Sal\u00f3n de la Fama, Eddie y Orlando Colon dijeron que la idea original era que los Matadores debuten como rudos, pero la adici\u00f3n de Torito caus\u00f3 que debuten como t\u00e9cnicos.<\/p>\n","protected":false},"excerpt":{"rendered":"<p>Luchador y manejadora en relaci\u00f3n; Noticias del Shield y Los Matadores.<\/p>\n","protected":false},"author":1,"featured_media":513,"comment_status":"closed","ping_status":"open","sticky":false,"template":"","format":"standard","meta":{"footnotes":""},"categories":[5],"tags":[],"class_list":{"0":"post-512","1":"post","2":"type-post","3":"status-publish","4":"format-standard","5":"has-post-thumbnail","7":"category-noticias"},"_links":{"self":[{"href":"https:\/\/www.prwrestling.com\/nw\/wp-json\/wp\/v2\/posts\/512","targetHints":{"allow":["GET"]}}],"collection":[{"href":"https:\/\/www.prwrestling.com\/nw\/wp-json\/wp\/v2\/posts"}],"about":[{"href":"https:\/\/www.prwrestling.com\/nw\/wp-json\/wp\/v2\/types\/post"}],"author":[{"embeddable":true,"href":"https:\/\/www.prwrestling.com\/nw\/wp-json\/wp\/v2\/users\/1"}],"replies":[{"embeddable":true,"href":"https:\/\/www.prwrestling.com\/nw\/wp-json\/wp\/v2\/comments?post=512"}],"version-history":[{"count":2,"href":"https:\/\/www.prwrestling.com\/nw\/wp-json\/wp\/v2\/posts\/512\/revisions"}],"predecessor-version":[{"id":515,"href":"https:\/\/www.prwrestling.com\/nw\/wp-json\/wp\/v2\/posts\/512\/revisions\/515"}],"wp:featuredmedia":[{"embeddable":true,"href":"https:\/\/www.prwrestling.com\/nw\/wp-json\/wp\/v2\/media\/513"}],"wp:attachment":[{"href":"https:\/\/www.prwrestling.com\/nw\/wp-json\/wp\/v2\/media?parent=512"}],"wp:term":[{"taxonomy":"category","embeddable":true,"href":"https:\/\/www.prwrestling.com\/nw\/wp-json\/wp\/v2\/categories?post=512"},{"taxonomy":"post_tag","embeddable":true,"href":"https:\/\/www.prwrestling.com\/nw\/wp-json\/wp\/v2\/tags?post=512"}],"curies":[{"name":"wp","href":"https:\/\/api.w.org\/{rel}","templated":true}]}}