{"id":53681,"date":"2018-08-12T22:59:04","date_gmt":"2018-08-13T02:59:04","guid":{"rendered":"http:\/\/www.prwrestling.com\/nw\/?p=53681"},"modified":"2018-08-12T22:59:04","modified_gmt":"2018-08-13T02:59:04","slug":"como-la-wwe-cambio-la-politica-de-contratacion-femenina-concierto-de-elias","status":"publish","type":"post","link":"https:\/\/www.prwrestling.com\/nw\/como-la-wwe-cambio-la-politica-de-contratacion-femenina-concierto-de-elias\/","title":{"rendered":"C\u00f3mo la WWE cambi\u00f3 la pol\u00edtica de contrataci\u00f3n femenina; Concierto de Elias"},"content":{"rendered":"<p><a href=\"http:\/\/www.prwrestling.com\/nw\/wp-content\/uploads\/2016\/04\/gallery_triple-h.jpg\"><img loading=\"lazy\" decoding=\"async\" class=\"alignnone size-full wp-image-7510\" src=\"http:\/\/www.prwrestling.com\/nw\/wp-content\/uploads\/2016\/04\/gallery_triple-h.jpg\" alt=\"\" width=\"600\" height=\"353\" \/><\/a><\/p>\n<p>En una entrevista con The Washington Post, Triple H coment\u00f3 sobre WWE y su cambi\u00f3 de la pol\u00edtica de contrataci\u00f3n para las mujeres:<!--more--> <script async src=\"\/\/pagead2.googlesyndication.com\/pagead\/js\/adsbygoogle.js\"><\/script><br \/>\n<!-- 300 x 200 - rpeortajes --><br \/>\n<ins class=\"adsbygoogle\"\n     style=\"display:inline-block;width:300px;height:250px\"\n     data-ad-client=\"ca-pub-4432518938189770\"\n     data-ad-slot=\"8848533845\"><\/ins><br \/>\n<script>\n(adsbygoogle = window.adsbygoogle || []).push({});\n<\/script> &#8220;Lo primero que not\u00e9 fue la forma en que trabaj\u00e1bamos con nuestras mujeres. Casi se les dec\u00eda, &#8216;No luchen ni luchen como los hombres&#8217;. Sent\u00ed que eso era fundamentalmente err\u00f3neo. En lugar de mirar a las mujeres como si fuera una agencia de modelos, pasamos de un punto de vista atl\u00e9tico. Quer\u00eda atletas que estuvieran dispuestos a abrazar la rutina que hicimos, pero entregar a un alto nivel que es necesario para ser una superestrella de la WWE &#8220;.<\/p>\n<p>&#8211; WWE anunci\u00f3 lo siguiente:<\/p>\n<blockquote class=\"instagram-media\" style=\"background: #FFF; border: 0; border-radius: 3px; box-shadow: 0 0 1px 0 rgba(0,0,0,0.5),0 1px 10px 0 rgba(0,0,0,0.15); margin: 1px; max-width: 540px; min-width: 326px; padding: 0; width: calc(100% - 2px);\" data-instgrm-captioned=\"\" data-instgrm-permalink=\"https:\/\/www.instagram.com\/p\/BmWFZ0GHUbi\/?utm_source=ig_embed\" data-instgrm-version=\"9\">\n<div style=\"padding: 8px;\">\n<div style=\"background: #F8F8F8; line-height: 0; margin-top: 40px; padding: 50.0% 0; text-align: center; width: 100%;\">\n<div style=\"background: url(data:image\/png; base64,ivborw0kggoaaaansuheugaaacwaaaascamaaaapwqozaaaabgdbtueaalgpc\/xhbqaaaafzukdcak7ohokaaaamuexurczmzpf399fx1+bm5mzy9amaaadisurbvdjlvzxbesmgces5\/p8\/t9furvcrmu73jwlzosgsiizurcjo\/ad+eqjjb4hv8bft+idpqocx1wjosbfhh2xssxeiyn3uli\/6mnree07uiwjev8ueowds88ly97kqytlijkktuybbruayvh5wohixmpi5we58ek028czwyuqdlkpg1bkb4nnm+veanfhqn1k4+gpt6ugqcvu2h2ovuif\/gwufyy8owepdyzsa3avcqpvovvzzz2vtnn2wu8qzvjddeto90gsy9mvlqtgysy231mxry6i2ggqjrty0l8fxcxfcbbhwrsyyaaaaaelftksuqmcc); display: block; height: 44px; margin: 0 auto -44px; position: relative; top: -22px; width: 44px;\"><\/div>\n<\/div>\n<p style=\"margin: 8px 0 0 0; padding: 0 4px;\"><a style=\"color: #000; font-family: Arial,sans-serif; font-size: 14px; font-style: normal; font-weight: normal; line-height: 17px; text-decoration: none; word-wrap: break-word;\" href=\"https:\/\/www.instagram.com\/p\/BmWFZ0GHUbi\/?utm_source=ig_embed\" target=\"_blank\" rel=\"noopener\">Be in the presence of greatness when @iameliaswwe performs at New York City&#8217;s @gramercytheatre on Saturday, August 18! Tix are available now on @ticketmaster!<\/a><\/p>\n<p style=\"color: #c9c8cd; font-family: Arial,sans-serif; font-size: 14px; line-height: 17px; margin-bottom: 0; margin-top: 8px; overflow: hidden; padding: 8px 0 7px; text-align: center; text-overflow: ellipsis; white-space: nowrap;\">A post shared by <a style=\"color: #c9c8cd; font-family: Arial,sans-serif; font-size: 14px; font-style: normal; font-weight: normal; line-height: 17px;\" href=\"https:\/\/www.instagram.com\/wwe\/?utm_source=ig_embed\" target=\"_blank\" rel=\"noopener\"> WWE<\/a> (@wwe) on <time style=\"font-family: Arial,sans-serif; font-size: 14px; line-height: 17px;\" datetime=\"2018-08-11T16:19:44+00:00\">Aug 11, 2018 at 9:19am PDT<\/time><\/p>\n<\/div>\n<\/blockquote>\n<p><script async defer src=\"\/\/www.instagram.com\/embed.js\"><\/script><br \/>\n<script async src=\"\/\/pagead2.googlesyndication.com\/pagead\/js\/adsbygoogle.js\"><\/script><br \/>\n<!-- 300 x 200 - rpeortajes --><br \/>\n<ins class=\"adsbygoogle\"\n     style=\"display:inline-block;width:300px;height:250px\"\n     data-ad-client=\"ca-pub-4432518938189770\"\n     data-ad-slot=\"8848533845\"><\/ins><br \/>\n<script>\n(adsbygoogle = window.adsbygoogle || []).push({});\n<\/script><\/p>\n","protected":false},"excerpt":{"rendered":"<p>En una entrevista con The Washington Post, Triple H coment\u00f3 sobre WWE y su cambi\u00f3 de la pol\u00edtica de contrataci\u00f3n para las mujeres:<\/p>\n","protected":false},"author":1,"featured_media":15224,"comment_status":"closed","ping_status":"closed","sticky":false,"template":"","format":"standard","meta":{"footnotes":""},"categories":[5],"tags":[],"class_list":{"0":"post-53681","1":"post","2":"type-post","3":"status-publish","4":"format-standard","5":"has-post-thumbnail","7":"category-noticias"},"_links":{"self":[{"href":"https:\/\/www.prwrestling.com\/nw\/wp-json\/wp\/v2\/posts\/53681","targetHints":{"allow":["GET"]}}],"collection":[{"href":"https:\/\/www.prwrestling.com\/nw\/wp-json\/wp\/v2\/posts"}],"about":[{"href":"https:\/\/www.prwrestling.com\/nw\/wp-json\/wp\/v2\/types\/post"}],"author":[{"embeddable":true,"href":"https:\/\/www.prwrestling.com\/nw\/wp-json\/wp\/v2\/users\/1"}],"replies":[{"embeddable":true,"href":"https:\/\/www.prwrestling.com\/nw\/wp-json\/wp\/v2\/comments?post=53681"}],"version-history":[{"count":1,"href":"https:\/\/www.prwrestling.com\/nw\/wp-json\/wp\/v2\/posts\/53681\/revisions"}],"predecessor-version":[{"id":53682,"href":"https:\/\/www.prwrestling.com\/nw\/wp-json\/wp\/v2\/posts\/53681\/revisions\/53682"}],"wp:featuredmedia":[{"embeddable":true,"href":"https:\/\/www.prwrestling.com\/nw\/wp-json\/wp\/v2\/media\/15224"}],"wp:attachment":[{"href":"https:\/\/www.prwrestling.com\/nw\/wp-json\/wp\/v2\/media?parent=53681"}],"wp:term":[{"taxonomy":"category","embeddable":true,"href":"https:\/\/www.prwrestling.com\/nw\/wp-json\/wp\/v2\/categories?post=53681"},{"taxonomy":"post_tag","embeddable":true,"href":"https:\/\/www.prwrestling.com\/nw\/wp-json\/wp\/v2\/tags?post=53681"}],"curies":[{"name":"wp","href":"https:\/\/api.w.org\/{rel}","templated":true}]}}