{"id":5575,"date":"2015-11-05T17:20:21","date_gmt":"2015-11-05T22:20:21","guid":{"rendered":"http:\/\/prwrestling.com\/nw\/?p=5575"},"modified":"2015-11-05T17:20:21","modified_gmt":"2015-11-05T22:20:21","slug":"rollins-fuera-por-meses-tras-lesion","status":"publish","type":"post","link":"https:\/\/www.prwrestling.com\/nw\/rollins-fuera-por-meses-tras-lesion\/","title":{"rendered":"ROLLINS FUERA POR MESES TRAS LESION"},"content":{"rendered":"<p style=\"text-align: center;\"><a href=\"http:\/\/prwrestling.com\/nw\/wp-content\/uploads\/2015\/09\/rollins.jpg\" target=\"_blank\" rel=\"noopener\"><img loading=\"lazy\" decoding=\"async\" class=\" wp-image-5178 aligncenter\" alt=\"rollins\" src=\"http:\/\/prwrestling.com\/nw\/wp-content\/uploads\/2015\/09\/rollins.jpg\" width=\"420\" height=\"252\" srcset=\"https:\/\/www.prwrestling.com\/nw\/wp-content\/uploads\/2015\/09\/rollins.jpg 600w, https:\/\/www.prwrestling.com\/nw\/wp-content\/uploads\/2015\/09\/rollins-300x180.jpg 300w\" sizes=\"auto, (max-width: 420px) 100vw, 420px\" \/><\/a><\/p>\n<p><em>WWE lo despoja del campeonato.<!--more--><\/em><\/p>\n<p>WWE.com anunci\u00f3 el jueves que \u00a0Seth Rollins se lesiono su rodilla en las \u00e1reas ACL, MCL y el menisco medial durante su lucha ante Kane anoche en Dubl\u00edn, Irlanda, y estar\u00e1 fuera de acci\u00f3n de seis a\u00a0nueve meses.<\/p>\n<p>Rollins estaba ejecutando un power bomb desde el esquinero cuando su rodilla se dobl\u00f3 y se desplom\u00f3.\u00a0Termin\u00f3 la lucha, pero luego fue ayudado a la parte de atr\u00e1s por el personal de la empresa.<\/p>\n<p>Debido a la gravedad de la lesi\u00f3n, la WWE ha anunciado que su lucha pautada ante Roman Reigns no se llevar\u00e1 a cabo en Survivor Series el 22 de noviembre en Atlanta, GA, y est\u00e1 siendo despojado del t\u00edtulo de la WWE.\u00a0El plan es llevar a cabo un torneo en el Survivor Series para coronar a un nuevo campe\u00f3n de la WWE.<\/p>\n<p>Con John Cena, Brock Lesnar, y Randy Orton entre las principales estrellas fuera de acci\u00f3n por diversas razones, el momento de esta lesi\u00f3n no podr\u00eda ser peor.\u00a0El Wrestling Observer reporta que una fuente de la WWE se\u00f1al\u00f3 que es probable que la empresa haya hecho algunas llamadas telef\u00f3nicas a varios nombres grandes.<\/p>\n","protected":false},"excerpt":{"rendered":"<p>WWE lo despoja del campeonato.<\/p>\n","protected":false},"author":1,"featured_media":5178,"comment_status":"closed","ping_status":"closed","sticky":false,"template":"","format":"standard","meta":{"footnotes":""},"categories":[5],"tags":[],"class_list":{"0":"post-5575","1":"post","2":"type-post","3":"status-publish","4":"format-standard","5":"has-post-thumbnail","7":"category-noticias"},"_links":{"self":[{"href":"https:\/\/www.prwrestling.com\/nw\/wp-json\/wp\/v2\/posts\/5575","targetHints":{"allow":["GET"]}}],"collection":[{"href":"https:\/\/www.prwrestling.com\/nw\/wp-json\/wp\/v2\/posts"}],"about":[{"href":"https:\/\/www.prwrestling.com\/nw\/wp-json\/wp\/v2\/types\/post"}],"author":[{"embeddable":true,"href":"https:\/\/www.prwrestling.com\/nw\/wp-json\/wp\/v2\/users\/1"}],"replies":[{"embeddable":true,"href":"https:\/\/www.prwrestling.com\/nw\/wp-json\/wp\/v2\/comments?post=5575"}],"version-history":[{"count":1,"href":"https:\/\/www.prwrestling.com\/nw\/wp-json\/wp\/v2\/posts\/5575\/revisions"}],"predecessor-version":[{"id":5576,"href":"https:\/\/www.prwrestling.com\/nw\/wp-json\/wp\/v2\/posts\/5575\/revisions\/5576"}],"wp:featuredmedia":[{"embeddable":true,"href":"https:\/\/www.prwrestling.com\/nw\/wp-json\/wp\/v2\/media\/5178"}],"wp:attachment":[{"href":"https:\/\/www.prwrestling.com\/nw\/wp-json\/wp\/v2\/media?parent=5575"}],"wp:term":[{"taxonomy":"category","embeddable":true,"href":"https:\/\/www.prwrestling.com\/nw\/wp-json\/wp\/v2\/categories?post=5575"},{"taxonomy":"post_tag","embeddable":true,"href":"https:\/\/www.prwrestling.com\/nw\/wp-json\/wp\/v2\/tags?post=5575"}],"curies":[{"name":"wp","href":"https:\/\/api.w.org\/{rel}","templated":true}]}}