{"id":6240,"date":"2016-01-06T21:25:46","date_gmt":"2016-01-07T02:25:46","guid":{"rendered":"http:\/\/prwrestling.com\/nw\/?p=6240"},"modified":"2016-01-06T21:35:11","modified_gmt":"2016-01-07T02:35:11","slug":"cena-lesionado","status":"publish","type":"post","link":"https:\/\/www.prwrestling.com\/nw\/cena-lesionado\/","title":{"rendered":"CENA LESIONADO"},"content":{"rendered":"<p style=\"text-align: center;\"><a href=\"http:\/\/prwrestling.com\/nw\/wp-content\/uploads\/2014\/06\/john-cena.jpg\" target=\"_blank\" rel=\"noopener\"><img loading=\"lazy\" decoding=\"async\" class=\" wp-image-761 aligncenter\" alt=\"john cena\" src=\"http:\/\/prwrestling.com\/nw\/wp-content\/uploads\/2014\/06\/john-cena.jpg\" width=\"380\" height=\"253\" srcset=\"https:\/\/www.prwrestling.com\/nw\/wp-content\/uploads\/2014\/06\/john-cena.jpg 543w, https:\/\/www.prwrestling.com\/nw\/wp-content\/uploads\/2014\/06\/john-cena-300x199.jpg 300w\" sizes=\"auto, (max-width: 380px) 100vw, 380px\" \/><\/a><\/p>\n<p>PWInsider reporta que John Cena ser\u00e1 operado de un hombro ma\u00f1ana jueves y estar\u00e1 fuera de 6 a 9 meses, lo que significa que no ver\u00e1 acci\u00f3n en WrestleMania.<!--more--><\/p>\n<p>Cena confirm\u00f3 la noticia con el siguiente mensaje via Twitter:<\/p>\n<blockquote class=\"twitter-tweet\" lang=\"en\">\n<p dir=\"ltr\" lang=\"en\">Rather upside down start to 2016 as tomorrow I will head to Birmingham for shoulder surgery. Life&#8217;s full of set backs but <a href=\"https:\/\/twitter.com\/hashtag\/nevergiveup?src=hash\" target=\"_blank\" rel=\"noopener\">#nevergiveup<\/a><\/p>\n<p>\u2014 John Cena (@JohnCena) <a href=\"https:\/\/twitter.com\/JohnCena\/status\/684920619247337474\" target=\"_blank\" rel=\"noopener\">January 7, 2016<\/a><\/p><\/blockquote>\n<p>Al momento no se sabe con exactitud cuando sucedi\u00f3 la lesi\u00f3n. Cena no vio acci\u00f3n el pasado fin de semana ya que lo ten\u00eda libre y no estuvo presente en Raw. El luchador apareci\u00f3 en Smackdown pero tampoco luch\u00f3.<\/p>\n<p>La lesi\u00f3n de Cena es la m\u00e1s reciente de un grupo de talentos (Seth Rollins, Randy Orton y Cersaro) cuales tampoco estar\u00e1n listos para la temporada del evento grande de la empresa, cual se celebra en abril.<\/p>\n","protected":false},"excerpt":{"rendered":"<p>PWInsider reporta que John Cena ser\u00e1 operado de un hombro ma\u00f1ana jueves y estar\u00e1 fuera de 6 a 9 meses, lo que significa que no ver\u00e1 acci\u00f3n en WrestleMania.<\/p>\n","protected":false},"author":1,"featured_media":761,"comment_status":"closed","ping_status":"closed","sticky":false,"template":"","format":"standard","meta":{"footnotes":""},"categories":[5],"tags":[],"class_list":{"0":"post-6240","1":"post","2":"type-post","3":"status-publish","4":"format-standard","5":"has-post-thumbnail","7":"category-noticias"},"_links":{"self":[{"href":"https:\/\/www.prwrestling.com\/nw\/wp-json\/wp\/v2\/posts\/6240","targetHints":{"allow":["GET"]}}],"collection":[{"href":"https:\/\/www.prwrestling.com\/nw\/wp-json\/wp\/v2\/posts"}],"about":[{"href":"https:\/\/www.prwrestling.com\/nw\/wp-json\/wp\/v2\/types\/post"}],"author":[{"embeddable":true,"href":"https:\/\/www.prwrestling.com\/nw\/wp-json\/wp\/v2\/users\/1"}],"replies":[{"embeddable":true,"href":"https:\/\/www.prwrestling.com\/nw\/wp-json\/wp\/v2\/comments?post=6240"}],"version-history":[{"count":6,"href":"https:\/\/www.prwrestling.com\/nw\/wp-json\/wp\/v2\/posts\/6240\/revisions"}],"predecessor-version":[{"id":6246,"href":"https:\/\/www.prwrestling.com\/nw\/wp-json\/wp\/v2\/posts\/6240\/revisions\/6246"}],"wp:featuredmedia":[{"embeddable":true,"href":"https:\/\/www.prwrestling.com\/nw\/wp-json\/wp\/v2\/media\/761"}],"wp:attachment":[{"href":"https:\/\/www.prwrestling.com\/nw\/wp-json\/wp\/v2\/media?parent=6240"}],"wp:term":[{"taxonomy":"category","embeddable":true,"href":"https:\/\/www.prwrestling.com\/nw\/wp-json\/wp\/v2\/categories?post=6240"},{"taxonomy":"post_tag","embeddable":true,"href":"https:\/\/www.prwrestling.com\/nw\/wp-json\/wp\/v2\/tags?post=6240"}],"curies":[{"name":"wp","href":"https:\/\/api.w.org\/{rel}","templated":true}]}}