{"id":6341,"date":"2016-01-18T08:05:13","date_gmt":"2016-01-18T13:05:13","guid":{"rendered":"http:\/\/prwrestling.com\/nw\/?p=6341"},"modified":"2016-01-18T08:05:13","modified_gmt":"2016-01-18T13:05:13","slug":"balor-habla-sobre-el-bullet-club-en-show-nxt","status":"publish","type":"post","link":"https:\/\/www.prwrestling.com\/nw\/balor-habla-sobre-el-bullet-club-en-show-nxt\/","title":{"rendered":"BALOR HABLA SOBRE EL BULLET CLUB EN SHOW NXT"},"content":{"rendered":"<p style=\"text-align: center;\"><a href=\"http:\/\/prwrestling.com\/nw\/wp-content\/uploads\/2015\/08\/fin-balor.jpg\" target=\"_blank\" rel=\"noopener\"><img loading=\"lazy\" decoding=\"async\" class=\" wp-image-4679 aligncenter\" alt=\"fin balor\" src=\"http:\/\/prwrestling.com\/nw\/wp-content\/uploads\/2015\/08\/fin-balor.jpg\" width=\"385\" height=\"217\" srcset=\"https:\/\/www.prwrestling.com\/nw\/wp-content\/uploads\/2015\/08\/fin-balor.jpg 642w, https:\/\/www.prwrestling.com\/nw\/wp-content\/uploads\/2015\/08\/fin-balor-300x168.jpg 300w\" sizes=\"auto, (max-width: 385px) 100vw, 385px\" \/><\/a><\/p>\n<p>El campe\u00f3n de WWE NXT Finn Balor tom\u00f3 el micr\u00f3fono despu\u00e9s de derrotar a Sami Zayn en el evento en vivo NXT en Chicago el s\u00e1bado para hablar del &#8220;elefante en la habitaci\u00f3n&#8221; &#8211; los rumores del Bullet Club en la WWE.<!--more--><\/p>\n<p>Balor dijo que \u00e9l y su banda de hermanos en Jap\u00f3n crearon un peque\u00f1o &#8220;Club&#8221; hace cuatro a\u00f1os y que era un momento de diversi\u00f3n, pero ahora no es lo que est\u00e1 creando, se trata de lo que todo el tras bastidores y en la multitud, desde los fan\u00e1ticos hasta los empleados de la WWE, est\u00e1n creando con NXT.<\/p>\n<p>Abajo parte del video de Balor hablandole a los presentes:<\/p>\n<blockquote class=\"twitter-tweet\" lang=\"en\">\n<p dir=\"ltr\" lang=\"en\"><a href=\"https:\/\/twitter.com\/hashtag\/BulletClub?src=hash\" target=\"_blank\" rel=\"noopener\">#BulletClub<\/a> rumors are true!! <a href=\"https:\/\/twitter.com\/hashtag\/NXTChicago?src=hash\" target=\"_blank\" rel=\"noopener\">#NXTChicago<\/a> <a href=\"https:\/\/t.co\/MLO6RmpKbM\">pic.twitter.com\/MLO6RmpKbM<\/a><\/p>\n<p>\u2014 \u274c\u2122 (@_XxM_) <a href=\"https:\/\/twitter.com\/_XxM_\/status\/688495495208136704\" target=\"_blank\" rel=\"noopener\">January 16, 2016<\/a><\/p><\/blockquote>\n<p>&nbsp;<\/p>\n","protected":false},"excerpt":{"rendered":"<p>El campe\u00f3n de WWE NXT Finn Balor tom\u00f3 el micr\u00f3fono despu\u00e9s de derrotar a Sami Zayn en el evento en vivo NXT en Chicago el s\u00e1bado para hablar del &#8220;elefante en la habitaci\u00f3n&#8221; &#8211; los rumores del Bullet Club en la WWE.<\/p>\n","protected":false},"author":1,"featured_media":4679,"comment_status":"closed","ping_status":"closed","sticky":false,"template":"","format":"standard","meta":{"footnotes":""},"categories":[5],"tags":[],"class_list":{"0":"post-6341","1":"post","2":"type-post","3":"status-publish","4":"format-standard","5":"has-post-thumbnail","7":"category-noticias"},"_links":{"self":[{"href":"https:\/\/www.prwrestling.com\/nw\/wp-json\/wp\/v2\/posts\/6341","targetHints":{"allow":["GET"]}}],"collection":[{"href":"https:\/\/www.prwrestling.com\/nw\/wp-json\/wp\/v2\/posts"}],"about":[{"href":"https:\/\/www.prwrestling.com\/nw\/wp-json\/wp\/v2\/types\/post"}],"author":[{"embeddable":true,"href":"https:\/\/www.prwrestling.com\/nw\/wp-json\/wp\/v2\/users\/1"}],"replies":[{"embeddable":true,"href":"https:\/\/www.prwrestling.com\/nw\/wp-json\/wp\/v2\/comments?post=6341"}],"version-history":[{"count":1,"href":"https:\/\/www.prwrestling.com\/nw\/wp-json\/wp\/v2\/posts\/6341\/revisions"}],"predecessor-version":[{"id":6343,"href":"https:\/\/www.prwrestling.com\/nw\/wp-json\/wp\/v2\/posts\/6341\/revisions\/6343"}],"wp:featuredmedia":[{"embeddable":true,"href":"https:\/\/www.prwrestling.com\/nw\/wp-json\/wp\/v2\/media\/4679"}],"wp:attachment":[{"href":"https:\/\/www.prwrestling.com\/nw\/wp-json\/wp\/v2\/media?parent=6341"}],"wp:term":[{"taxonomy":"category","embeddable":true,"href":"https:\/\/www.prwrestling.com\/nw\/wp-json\/wp\/v2\/categories?post=6341"},{"taxonomy":"post_tag","embeddable":true,"href":"https:\/\/www.prwrestling.com\/nw\/wp-json\/wp\/v2\/tags?post=6341"}],"curies":[{"name":"wp","href":"https:\/\/api.w.org\/{rel}","templated":true}]}}