{"id":66,"date":"2014-03-28T03:10:43","date_gmt":"2014-03-28T03:10:43","guid":{"rendered":"http:\/\/prwrestling.com\/nw\/?p=66"},"modified":"2014-03-29T04:00:03","modified_gmt":"2014-03-29T04:00:03","slug":"nueva-edicion-de-desde-la-3ra-cuerda","status":"publish","type":"post","link":"https:\/\/www.prwrestling.com\/nw\/nueva-edicion-de-desde-la-3ra-cuerda\/","title":{"rendered":"NUEVA EDICION DE DESDE LA 3RA CUERDA!"},"content":{"rendered":"<p><img loading=\"lazy\" decoding=\"async\" class=\"attachment-post-thumbnail alignleft\" alt=\"Alberto-Del-Rio-New-Wallpaper-2012-01\" src=\"http:\/\/prwrestling.com\/nw\/wp-content\/uploads\/2014\/03\/Alberto-Del-Rio-New-Wallpaper-2012-01-150x150.jpg\" width=\"150\" height=\"150\" \/>Esta semana:<\/p>\n<p>&#8211; Juan Rosario habla con ALBERTO DEL RIO sobre WrestleMania, posible retiro, Batista y m\u00e1s.<\/p>\n<p>&#8211; Comentamos sobre el extra\u00f1o anuncio de RAZOR RAMON al Hall of Fame.<\/p>\n<p>&#8211; C\u00f3mo los fans controlaron la ruta a WrestleMania.<\/p>\n<p>&#8211; An\u00e1lisis de la Hora de la Verdad de WWC este fin de semana<\/p>\n<p>&#8211; Adem\u00e1s, contestamos sus preguntas sobre Carlito en la WWE, Como el programa de WWC se ha afectado desde que baj\u00f3 a 1 hora, CM Punk y m\u00e1s!<\/p>\n<ul>\n<li type=\"square\"><b><a href=\"http:\/\/bit.ly\/1jx3jeI\" target=\"window\" rel=\"noopener\">Descarga el programa aqu\u00ed<\/a><\/b><\/li>\n<\/ul>\n","protected":false},"excerpt":{"rendered":"<p>Esta semana: &#8211; Juan Rosario habla con ALBERTO DEL RIO sobre WrestleMania, posible retiro, Batista y m\u00e1s. &#8211; Comentamos sobre el extra\u00f1o anuncio de RAZOR RAMON al Hall of Fame. &#8211; C\u00f3mo los fans controlaron la ruta a WrestleMania. &#8211; An\u00e1lisis de la Hora de la Verdad de WWC este fin de semana &#8211; Adem\u00e1s,<\/p>\n","protected":false},"author":1,"featured_media":67,"comment_status":"closed","ping_status":"open","sticky":false,"template":"","format":"standard","meta":{"footnotes":""},"categories":[5],"tags":[],"class_list":{"0":"post-66","1":"post","2":"type-post","3":"status-publish","4":"format-standard","5":"has-post-thumbnail","7":"category-noticias"},"_links":{"self":[{"href":"https:\/\/www.prwrestling.com\/nw\/wp-json\/wp\/v2\/posts\/66","targetHints":{"allow":["GET"]}}],"collection":[{"href":"https:\/\/www.prwrestling.com\/nw\/wp-json\/wp\/v2\/posts"}],"about":[{"href":"https:\/\/www.prwrestling.com\/nw\/wp-json\/wp\/v2\/types\/post"}],"author":[{"embeddable":true,"href":"https:\/\/www.prwrestling.com\/nw\/wp-json\/wp\/v2\/users\/1"}],"replies":[{"embeddable":true,"href":"https:\/\/www.prwrestling.com\/nw\/wp-json\/wp\/v2\/comments?post=66"}],"version-history":[{"count":1,"href":"https:\/\/www.prwrestling.com\/nw\/wp-json\/wp\/v2\/posts\/66\/revisions"}],"predecessor-version":[{"id":68,"href":"https:\/\/www.prwrestling.com\/nw\/wp-json\/wp\/v2\/posts\/66\/revisions\/68"}],"wp:featuredmedia":[{"embeddable":true,"href":"https:\/\/www.prwrestling.com\/nw\/wp-json\/wp\/v2\/media\/67"}],"wp:attachment":[{"href":"https:\/\/www.prwrestling.com\/nw\/wp-json\/wp\/v2\/media?parent=66"}],"wp:term":[{"taxonomy":"category","embeddable":true,"href":"https:\/\/www.prwrestling.com\/nw\/wp-json\/wp\/v2\/categories?post=66"},{"taxonomy":"post_tag","embeddable":true,"href":"https:\/\/www.prwrestling.com\/nw\/wp-json\/wp\/v2\/tags?post=66"}],"curies":[{"name":"wp","href":"https:\/\/api.w.org\/{rel}","templated":true}]}}