{"id":6871,"date":"2016-02-25T10:56:36","date_gmt":"2016-02-25T15:56:36","guid":{"rendered":"http:\/\/prwrestling.com\/nw\/?p=6871"},"modified":"2016-02-25T10:56:36","modified_gmt":"2016-02-25T15:56:36","slug":"resultados-encuesta-que-opinas-de-shane-vs-undertaker","status":"publish","type":"post","link":"https:\/\/www.prwrestling.com\/nw\/resultados-encuesta-que-opinas-de-shane-vs-undertaker\/","title":{"rendered":"RESULTADOS ENCUESTA: \u00bfQUE OPINAS DE SHANE VS UNDERTAKER?"},"content":{"rendered":"<p style=\"text-align: center;\"><a href=\"http:\/\/prwrestling.com\/nw\/wp-content\/uploads\/2016\/02\/Shane-McMahon-1.jpg\" target=\"_blank\" rel=\"noopener\"><img loading=\"lazy\" decoding=\"async\" class=\" wp-image-6872 aligncenter\" alt=\"Shane-McMahon-1\" src=\"http:\/\/prwrestling.com\/nw\/wp-content\/uploads\/2016\/02\/Shane-McMahon-1-1024x1024.jpg\" width=\"346\" height=\"346\" srcset=\"https:\/\/www.prwrestling.com\/nw\/wp-content\/uploads\/2016\/02\/Shane-McMahon-1-1024x1024.jpg 1024w, https:\/\/www.prwrestling.com\/nw\/wp-content\/uploads\/2016\/02\/Shane-McMahon-1-150x150.jpg 150w, https:\/\/www.prwrestling.com\/nw\/wp-content\/uploads\/2016\/02\/Shane-McMahon-1-300x300.jpg 300w, https:\/\/www.prwrestling.com\/nw\/wp-content\/uploads\/2016\/02\/Shane-McMahon-1-75x75.jpg 75w, https:\/\/www.prwrestling.com\/nw\/wp-content\/uploads\/2016\/02\/Shane-McMahon-1.jpg 1200w\" sizes=\"auto, (max-width: 346px) 100vw, 346px\" \/><\/a><\/p>\n<p>As\u00ed votaron en las m\u00e1s reciente encuesta de PRWrestling.com:<\/p>\n<p><strong>\u00bfQu\u00e9 opinas del anuncio de Shane McMahon vs Undertaker en WrestleMania?<!--more--><\/strong><\/p>\n<p><strong>Me gusta (849) 54%<\/strong><br \/>\n<strong> No me gusta (566) 36%<\/strong><br \/>\n<strong> Me da igual (152) 10%<\/strong><\/p>\n<p><span style=\"text-decoration: underline;\">Comentario de McGyver:<\/span> Ap\u00fantenme dentro del grupo que no le gusta. Mucho puede pasar de aqu\u00ed a lo que suceda en WrestleMania pero inicialmente me pregunto c\u00f3mo ser\u00e1 la reacci\u00f3n de la fanaticada el d\u00eda de la lucha a Shane, quien no es visto como luchador de estelar, estaba inactivo por a\u00f1os y entra como t\u00e9cnico, midi\u00e9ndose a Undertaker, quien entra de parte de Vince McMahon, presuntamente como rudo, y en Dallas. Hay variaciones dentro de la historia que podr\u00edan ajustar los roles de todos los involucrados, pero tengo la intriga de ver c\u00f3mo manejan estos y el mismo desarrollo y final de la lucha.<\/p>\n","protected":false},"excerpt":{"rendered":"<p>As\u00ed votaron en las m\u00e1s reciente encuesta de PRWrestling.com: \u00bfQu\u00e9 opinas del anuncio de Shane McMahon vs Undertaker en WrestleMania?<\/p>\n","protected":false},"author":3,"featured_media":6872,"comment_status":"closed","ping_status":"closed","sticky":false,"template":"","format":"standard","meta":{"footnotes":""},"categories":[5],"tags":[],"class_list":{"0":"post-6871","1":"post","2":"type-post","3":"status-publish","4":"format-standard","5":"has-post-thumbnail","7":"category-noticias"},"_links":{"self":[{"href":"https:\/\/www.prwrestling.com\/nw\/wp-json\/wp\/v2\/posts\/6871","targetHints":{"allow":["GET"]}}],"collection":[{"href":"https:\/\/www.prwrestling.com\/nw\/wp-json\/wp\/v2\/posts"}],"about":[{"href":"https:\/\/www.prwrestling.com\/nw\/wp-json\/wp\/v2\/types\/post"}],"author":[{"embeddable":true,"href":"https:\/\/www.prwrestling.com\/nw\/wp-json\/wp\/v2\/users\/3"}],"replies":[{"embeddable":true,"href":"https:\/\/www.prwrestling.com\/nw\/wp-json\/wp\/v2\/comments?post=6871"}],"version-history":[{"count":1,"href":"https:\/\/www.prwrestling.com\/nw\/wp-json\/wp\/v2\/posts\/6871\/revisions"}],"predecessor-version":[{"id":6873,"href":"https:\/\/www.prwrestling.com\/nw\/wp-json\/wp\/v2\/posts\/6871\/revisions\/6873"}],"wp:featuredmedia":[{"embeddable":true,"href":"https:\/\/www.prwrestling.com\/nw\/wp-json\/wp\/v2\/media\/6872"}],"wp:attachment":[{"href":"https:\/\/www.prwrestling.com\/nw\/wp-json\/wp\/v2\/media?parent=6871"}],"wp:term":[{"taxonomy":"category","embeddable":true,"href":"https:\/\/www.prwrestling.com\/nw\/wp-json\/wp\/v2\/categories?post=6871"},{"taxonomy":"post_tag","embeddable":true,"href":"https:\/\/www.prwrestling.com\/nw\/wp-json\/wp\/v2\/tags?post=6871"}],"curies":[{"name":"wp","href":"https:\/\/api.w.org\/{rel}","templated":true}]}}