{"id":7120,"date":"2016-03-17T11:31:35","date_gmt":"2016-03-17T15:31:35","guid":{"rendered":"http:\/\/prwrestling.com\/nw\/?p=7120"},"modified":"2016-03-17T11:31:57","modified_gmt":"2016-03-17T15:31:57","slug":"regresa-carlito-a-la-wwe-buenas-noticias-para-neville-y-mas","status":"publish","type":"post","link":"https:\/\/www.prwrestling.com\/nw\/regresa-carlito-a-la-wwe-buenas-noticias-para-neville-y-mas\/","title":{"rendered":"\u00bf Regresa Carlito a la WWE ?, Buenas noticias para Neville y mas"},"content":{"rendered":"<p><a href=\"http:\/\/prwrestling.com\/nw\/wp-content\/uploads\/2015\/09\/carlito.jpg\" target=\"_blank\" rel=\"noopener\"><img loading=\"lazy\" decoding=\"async\" class=\"alignnone  wp-image-5197\" alt=\"carlito\" src=\"http:\/\/prwrestling.com\/nw\/wp-content\/uploads\/2015\/09\/carlito.jpg\" width=\"492\" height=\"243\" srcset=\"https:\/\/www.prwrestling.com\/nw\/wp-content\/uploads\/2015\/09\/carlito.jpg 615w, https:\/\/www.prwrestling.com\/nw\/wp-content\/uploads\/2015\/09\/carlito-300x148.jpg 300w\" sizes=\"auto, (max-width: 492px) 100vw, 492px\" \/><\/a><\/p>\n<p><em>Siguen las conversaciones entre el boricua y la empresa<!--more--><\/em><\/p>\n<p>Como se vi\u00f3 en RAW del lunes pasado, Neville sufri\u00f3 una fractura de tobillo y la tibia en su lucha contra Chris Jericho.<\/p>\n<p>El Dr. Chris Amann informa que Neville no va a necesitar cirug\u00eda. Neville se espera que regrese al ring dentro de 2-3 meses. Amann dijo a la p\u00e1gina web de la WWE lo siguiente:<\/p>\n<p>&#8220;Neville tuvo varias pruebas realizadas en Orlando que incluy\u00f3 radiograf\u00edas y una tomograf\u00eda axial computarizada de su tobillo. Tras un examen m\u00e1s, se ha determinado que la reparaci\u00f3n quir\u00fargica del tobillo no ser\u00eda necesaria. En su lugar, ser\u00e1 tratada de forma conservadora con un yeso y muletas. El recuperaci\u00f3n estimada para este tipo de fractura es generalmente de 2 a 3 meses &#8220;.<br \/>\n<script type=\"text\/javascript\">\/\/ <![CDATA[\ngoogle_ad_client = \"ca-pub-4432518938189770\";\n    google_ad_slot = \"8848533845\";\n    google_ad_width = 300;\n    google_ad_height = 250;\n\/\/ ]]><\/script><br \/>\n<!-- 300 x 200 - rpeortajes --><br \/>\n<script type=\"text\/javascript\" src=\"\/\/pagead2.googlesyndication.com\/pagead\/show_ads.js\">\/\/ <![CDATA[\n\n\/\/ ]]><\/script><br \/>\n4 luchadores han sido a\u00f1adidos para el &#8220;Andre the Giant Battle Royal&#8217; a tomar forma en WrestleMania 32 y estos son: Heath Slater, Bo Dallas, Curtis Axel y Adam Rose, quienes han mencionado su inter\u00e9s de ganar la lucha en equipo.<\/p>\n<p>Hay rumores que de la WWE y el boricua Carlito, est\u00e1n en las negociaciones finales para que este regrese nuevamente con la gigante empresa. En su primera corrida, Carlito fue ex campe\u00f3n Intercontinetal, ex campe\u00f3n de Estados Unidos y en parejas. En su lucha debut, derrot\u00f3 al campe\u00f3n de Estados Unidos en aquel momento, John Cena.<\/p>\n<p>Se especula sobre cual ser\u00e1 el rol de este, si es unirse de alguna manera a Primo y Epico o estar por su lado.<\/p>\n","protected":false},"excerpt":{"rendered":"<p>Siguen las conversaciones entre el boricua y la empresa<\/p>\n","protected":false},"author":1,"featured_media":2996,"comment_status":"closed","ping_status":"closed","sticky":false,"template":"","format":"standard","meta":{"footnotes":""},"categories":[5],"tags":[],"class_list":{"0":"post-7120","1":"post","2":"type-post","3":"status-publish","4":"format-standard","5":"has-post-thumbnail","7":"category-noticias"},"_links":{"self":[{"href":"https:\/\/www.prwrestling.com\/nw\/wp-json\/wp\/v2\/posts\/7120","targetHints":{"allow":["GET"]}}],"collection":[{"href":"https:\/\/www.prwrestling.com\/nw\/wp-json\/wp\/v2\/posts"}],"about":[{"href":"https:\/\/www.prwrestling.com\/nw\/wp-json\/wp\/v2\/types\/post"}],"author":[{"embeddable":true,"href":"https:\/\/www.prwrestling.com\/nw\/wp-json\/wp\/v2\/users\/1"}],"replies":[{"embeddable":true,"href":"https:\/\/www.prwrestling.com\/nw\/wp-json\/wp\/v2\/comments?post=7120"}],"version-history":[{"count":2,"href":"https:\/\/www.prwrestling.com\/nw\/wp-json\/wp\/v2\/posts\/7120\/revisions"}],"predecessor-version":[{"id":7123,"href":"https:\/\/www.prwrestling.com\/nw\/wp-json\/wp\/v2\/posts\/7120\/revisions\/7123"}],"wp:featuredmedia":[{"embeddable":true,"href":"https:\/\/www.prwrestling.com\/nw\/wp-json\/wp\/v2\/media\/2996"}],"wp:attachment":[{"href":"https:\/\/www.prwrestling.com\/nw\/wp-json\/wp\/v2\/media?parent=7120"}],"wp:term":[{"taxonomy":"category","embeddable":true,"href":"https:\/\/www.prwrestling.com\/nw\/wp-json\/wp\/v2\/categories?post=7120"},{"taxonomy":"post_tag","embeddable":true,"href":"https:\/\/www.prwrestling.com\/nw\/wp-json\/wp\/v2\/tags?post=7120"}],"curies":[{"name":"wp","href":"https:\/\/api.w.org\/{rel}","templated":true}]}}