{"id":7395,"date":"2016-04-06T20:42:10","date_gmt":"2016-04-07T00:42:10","guid":{"rendered":"http:\/\/prwrestling.com\/nw\/?p=7395"},"modified":"2016-04-06T20:42:10","modified_gmt":"2016-04-07T00:42:10","slug":"resultados-encuesta-que-opinas-del-segmento-de-primo-y-epico","status":"publish","type":"post","link":"https:\/\/www.prwrestling.com\/nw\/resultados-encuesta-que-opinas-del-segmento-de-primo-y-epico\/","title":{"rendered":"RESULTADOS ENCUESTA: \u00bfQUE OPINAS DEL SEGMENTO DE PRIMO Y EPICO?"},"content":{"rendered":"<p style=\"text-align: center;\"><a href=\"http:\/\/prwrestling.com\/nw\/wp-content\/uploads\/2016\/04\/Primo-and-Epico-defeated-The-Prime-Time-Players.jpg\" target=\"_blank\" rel=\"noopener\"><img loading=\"lazy\" decoding=\"async\" class=\" wp-image-7396 aligncenter\" alt=\"Primo-and-Epico-defeated-The-Prime-Time-Players\" src=\"http:\/\/prwrestling.com\/nw\/wp-content\/uploads\/2016\/04\/Primo-and-Epico-defeated-The-Prime-Time-Players.jpg\" width=\"514\" height=\"289\" srcset=\"https:\/\/www.prwrestling.com\/nw\/wp-content\/uploads\/2016\/04\/Primo-and-Epico-defeated-The-Prime-Time-Players.jpg 642w, https:\/\/www.prwrestling.com\/nw\/wp-content\/uploads\/2016\/04\/Primo-and-Epico-defeated-The-Prime-Time-Players-300x168.jpg 300w\" sizes=\"auto, (max-width: 514px) 100vw, 514px\" \/><\/a><\/p>\n<p>Asi votaron:<\/p>\n<p><strong>\u00bfQue opinas del video promocional del retorno de los boricuas a la WWE?<!--more--><\/strong><\/p>\n<p><strong>Me gust\u00f3 (530) 59%<\/strong><\/p>\n<p><strong>Me dio igual (231) 26%<\/strong><\/p>\n<p><strong>No me gust\u00f3 (131) 15%<\/strong><\/p>\n<p><span style=\"text-decoration: underline;\">Comentario de McGyver<\/span>: Muy temprano para decir pero pinta que ser\u00e1n rudos basado en cuan \u201cover the top\u201d estaban en su ejecuci\u00f3n. Lo que s\u00ed sabemos es que es tremenda promoci\u00f3n para la Isla de cualquier manera que lo pinten.<\/p>\n<p>Y ahora que parece que no hay nada para Torito, \u00bfPor qu\u00e9 no traelo como &#8220;el Coqu\u00ed&#8221;?<\/p>\n","protected":false},"excerpt":{"rendered":"<p>Asi votaron: \u00bfQue opinas del video promocional del retorno de los boricuas a la WWE?<\/p>\n","protected":false},"author":3,"featured_media":7396,"comment_status":"closed","ping_status":"closed","sticky":false,"template":"","format":"standard","meta":{"footnotes":""},"categories":[5],"tags":[],"class_list":{"0":"post-7395","1":"post","2":"type-post","3":"status-publish","4":"format-standard","5":"has-post-thumbnail","7":"category-noticias"},"_links":{"self":[{"href":"https:\/\/www.prwrestling.com\/nw\/wp-json\/wp\/v2\/posts\/7395","targetHints":{"allow":["GET"]}}],"collection":[{"href":"https:\/\/www.prwrestling.com\/nw\/wp-json\/wp\/v2\/posts"}],"about":[{"href":"https:\/\/www.prwrestling.com\/nw\/wp-json\/wp\/v2\/types\/post"}],"author":[{"embeddable":true,"href":"https:\/\/www.prwrestling.com\/nw\/wp-json\/wp\/v2\/users\/3"}],"replies":[{"embeddable":true,"href":"https:\/\/www.prwrestling.com\/nw\/wp-json\/wp\/v2\/comments?post=7395"}],"version-history":[{"count":1,"href":"https:\/\/www.prwrestling.com\/nw\/wp-json\/wp\/v2\/posts\/7395\/revisions"}],"predecessor-version":[{"id":7397,"href":"https:\/\/www.prwrestling.com\/nw\/wp-json\/wp\/v2\/posts\/7395\/revisions\/7397"}],"wp:featuredmedia":[{"embeddable":true,"href":"https:\/\/www.prwrestling.com\/nw\/wp-json\/wp\/v2\/media\/7396"}],"wp:attachment":[{"href":"https:\/\/www.prwrestling.com\/nw\/wp-json\/wp\/v2\/media?parent=7395"}],"wp:term":[{"taxonomy":"category","embeddable":true,"href":"https:\/\/www.prwrestling.com\/nw\/wp-json\/wp\/v2\/categories?post=7395"},{"taxonomy":"post_tag","embeddable":true,"href":"https:\/\/www.prwrestling.com\/nw\/wp-json\/wp\/v2\/tags?post=7395"}],"curies":[{"name":"wp","href":"https:\/\/api.w.org\/{rel}","templated":true}]}}