{"id":7401,"date":"2016-04-06T22:18:06","date_gmt":"2016-04-07T02:18:06","guid":{"rendered":"http:\/\/prwrestling.com\/nw\/?p=7401"},"modified":"2023-08-25T07:25:16","modified_gmt":"2023-08-25T11:25:16","slug":"bray-wyatt-hablo-sobre-el-mal-manejo-de-la-wwe-con-the-wyatt-family","status":"publish","type":"post","link":"https:\/\/www.prwrestling.com\/nw\/bray-wyatt-hablo-sobre-el-mal-manejo-de-la-wwe-con-the-wyatt-family\/","title":{"rendered":"Bray Wyatt habl\u00f3 sobre el mal manejo de la WWE con The Wyatt Family"},"content":{"rendered":"<p><em><a href=\"http:\/\/prwrestling.com\/nw\/wp-content\/uploads\/2015\/07\/bray-wyatt.jpg\" target=\"_blank\" rel=\"noopener\"><img loading=\"lazy\" decoding=\"async\" class=\"alignnone  wp-image-4327\" alt=\"bray wyatt\" src=\"http:\/\/prwrestling.com\/nw\/wp-content\/uploads\/2015\/07\/bray-wyatt.jpg\" width=\"406\" height=\"228\" srcset=\"https:\/\/www.prwrestling.com\/nw\/wp-content\/uploads\/2015\/07\/bray-wyatt.jpg 580w, https:\/\/www.prwrestling.com\/nw\/wp-content\/uploads\/2015\/07\/bray-wyatt-300x168.jpg 300w\" sizes=\"auto, (max-width: 406px) 100vw, 406px\" \/><\/a><\/em><\/p>\n<p><em>\u00bf Estar\u00e1 en problemas luego de sus comentarios ?<!--more--><\/em><\/p>\n<p>Bray Wyatt particip\u00f3 en el fin de semana de WrestleMania 32 en el &#8216;Sam Roberts&#8217; Wrestling Podcast&#8217; donde habl\u00f3 de varios temas como el mal uso de su personaje y su grupo por la WWE.<\/p>\n<p>&#8220;Yo no creo que cuando nos llamaron para la plantilla principal de la WWE, ellos entend\u00edan que era lo que ten\u00edan&#8221; ( continua abajo )<br \/>\n<script type=\"text\/javascript\">\/\/ <![CDATA[\ngoogle_ad_client = \"ca-pub-4432518938189770\";\n    google_ad_slot = \"8848533845\";\n    google_ad_width = 300;\n    google_ad_height = 250;\n\/\/ ]]><\/script><br \/>\n<!-- 300 x 200 - rpeortajes --><br \/>\n<script type=\"text\/javascript\" src=\"\/\/pagead2.googlesyndication.com\/pagead\/show_ads.js\">\/\/ <![CDATA[\n\n\/\/ ]]><\/script><\/p>\n<p>&#8220;Sab\u00edamos que el p\u00fablico de NXT nos hab\u00eda respondido muy bien y fue algo como una uni\u00f3n y cuando fuimos para la plantilla principal de la WWE, nosotros nunca, ni en un mill\u00f3n de a\u00f1os nos imaginamos que esto iba a explotar de la manera que lo hizo y asi fue. Si, si, si. Fue en el momento perfecto y eramos tan diferentes. Eramos tan diferentes que yo no creo que la compa\u00f1\u00eda sab\u00eda como usarnos. Era como decir, \u00bf Que son estas cosas ?, las promos eran tan diferentes, nuestra forma de ser, como nos ve\u00edan. Creo que nadie esperaba que fueramos tan completos y todav\u00eda ellos no saben como usar lo que somos&#8221;.<\/p>\n<p>&nbsp;<\/p>\n","protected":false},"excerpt":{"rendered":"<p>\u00bf Estar\u00e1 en problemas luego de sus comentarios ?<\/p>\n","protected":false},"author":1,"featured_media":0,"comment_status":"closed","ping_status":"closed","sticky":false,"template":"","format":"standard","meta":{"footnotes":""},"categories":[5],"tags":[7498],"class_list":{"0":"post-7401","1":"post","2":"type-post","3":"status-publish","4":"format-standard","6":"category-noticias","7":"tag-bray-wyatt-windham-rotunda"},"_links":{"self":[{"href":"https:\/\/www.prwrestling.com\/nw\/wp-json\/wp\/v2\/posts\/7401","targetHints":{"allow":["GET"]}}],"collection":[{"href":"https:\/\/www.prwrestling.com\/nw\/wp-json\/wp\/v2\/posts"}],"about":[{"href":"https:\/\/www.prwrestling.com\/nw\/wp-json\/wp\/v2\/types\/post"}],"author":[{"embeddable":true,"href":"https:\/\/www.prwrestling.com\/nw\/wp-json\/wp\/v2\/users\/1"}],"replies":[{"embeddable":true,"href":"https:\/\/www.prwrestling.com\/nw\/wp-json\/wp\/v2\/comments?post=7401"}],"version-history":[{"count":2,"href":"https:\/\/www.prwrestling.com\/nw\/wp-json\/wp\/v2\/posts\/7401\/revisions"}],"predecessor-version":[{"id":7405,"href":"https:\/\/www.prwrestling.com\/nw\/wp-json\/wp\/v2\/posts\/7401\/revisions\/7405"}],"wp:attachment":[{"href":"https:\/\/www.prwrestling.com\/nw\/wp-json\/wp\/v2\/media?parent=7401"}],"wp:term":[{"taxonomy":"category","embeddable":true,"href":"https:\/\/www.prwrestling.com\/nw\/wp-json\/wp\/v2\/categories?post=7401"},{"taxonomy":"post_tag","embeddable":true,"href":"https:\/\/www.prwrestling.com\/nw\/wp-json\/wp\/v2\/tags?post=7401"}],"curies":[{"name":"wp","href":"https:\/\/api.w.org\/{rel}","templated":true}]}}