{"id":7522,"date":"2016-04-17T08:21:03","date_gmt":"2016-04-17T12:21:03","guid":{"rendered":"http:\/\/prwrestling.com\/nw\/?p=7522"},"modified":"2016-04-17T08:23:29","modified_gmt":"2016-04-17T12:23:29","slug":"undertaker-fuera-de-la-gira-europea","status":"publish","type":"post","link":"https:\/\/www.prwrestling.com\/nw\/undertaker-fuera-de-la-gira-europea\/","title":{"rendered":"UNDERTAKER FUERA DE LA GIRA EUROPEA"},"content":{"rendered":"<p style=\"text-align: center;\"><a href=\"http:\/\/prwrestling.com\/nw\/wp-content\/uploads\/2015\/03\/undertaker.jpg\" target=\"_blank\" rel=\"noopener\"><img loading=\"lazy\" decoding=\"async\" class=\" wp-image-3203 aligncenter\" alt=\"undertaker\" src=\"http:\/\/prwrestling.com\/nw\/wp-content\/uploads\/2015\/03\/undertaker.jpg\" width=\"518\" height=\"389\" srcset=\"https:\/\/www.prwrestling.com\/nw\/wp-content\/uploads\/2015\/03\/undertaker.jpg 800w, https:\/\/www.prwrestling.com\/nw\/wp-content\/uploads\/2015\/03\/undertaker-300x225.jpg 300w\" sizes=\"auto, (max-width: 518px) 100vw, 518px\" \/><\/a><\/p>\n<p>La WWE ha anunciado que Undertaker no estar\u00e1 apareciendo en el Reino Unido como parte de su gira despu\u00e9s de todo.<!--more--><\/p>\n<p>El estado de la Undertaker ha cambiado constantemente durante la semana pasada, pero los anuncios de ayer que HHH y Shane McMahon estar\u00eda apareciendo en la gira es porque ambos iban en lugar del Undertaker.<\/p>\n<p>Undertaker originalmente iba a estar en toda la gira, luego se ajust\u00f3 a tres fechas, luego a dos, y ahora a cero.<\/p>\n<p style=\"text-align: center;\">Continua abajo<br \/>\n<script type=\"text\/javascript\" src=\"\/\/pagead2.googlesyndication.com\/pagead\/js\/adsbygoogle.js\" async=\"\"><\/script><!-- 300x250 en medio de portajes (manual placement) --> <ins class=\"adsbygoogle\" style=\"display: inline-block; width: 300px; height: 250px;\" data-ad-client=\"ca-pub-1244235910658811\" data-ad-slot=\"8592682546\"><\/ins><script type=\"text\/javascript\">\/\/ <![CDATA[\n(adsbygoogle = window.adsbygoogle || []).push({});\n\/\/ ]]><\/script><\/p>\n<p>El show en Newcastle el pr\u00f3ximo mi\u00e9rcoles que iba a ser su \u00fanica fecha, tendr\u00e1 \u00a0en la estelar a HHH vs Dean Ambrose, A. J. Styles vs Chris Jericho y Ryback vs Kalisto vs Alberto Del Rio por el t\u00edtulo de EE.UU.<\/p>\n<p>Sobre la raz\u00f3n de las cancelaciones del Enterrador, aun no se sabe oficialmente el estado del luchador mas all\u00e1 de los reportes que indican que este le dijo a varias personas que su lucha en la pasada edici\u00f3n de WrestleMania fue su \u00faltima.<\/p>\n","protected":false},"excerpt":{"rendered":"<p>La WWE ha anunciado que Undertaker no estar\u00e1 apareciendo en el Reino Unido como parte de su gira despu\u00e9s de todo.<\/p>\n","protected":false},"author":3,"featured_media":3203,"comment_status":"closed","ping_status":"closed","sticky":false,"template":"","format":"standard","meta":{"footnotes":""},"categories":[5],"tags":[],"class_list":{"0":"post-7522","1":"post","2":"type-post","3":"status-publish","4":"format-standard","5":"has-post-thumbnail","7":"category-noticias"},"_links":{"self":[{"href":"https:\/\/www.prwrestling.com\/nw\/wp-json\/wp\/v2\/posts\/7522","targetHints":{"allow":["GET"]}}],"collection":[{"href":"https:\/\/www.prwrestling.com\/nw\/wp-json\/wp\/v2\/posts"}],"about":[{"href":"https:\/\/www.prwrestling.com\/nw\/wp-json\/wp\/v2\/types\/post"}],"author":[{"embeddable":true,"href":"https:\/\/www.prwrestling.com\/nw\/wp-json\/wp\/v2\/users\/3"}],"replies":[{"embeddable":true,"href":"https:\/\/www.prwrestling.com\/nw\/wp-json\/wp\/v2\/comments?post=7522"}],"version-history":[{"count":3,"href":"https:\/\/www.prwrestling.com\/nw\/wp-json\/wp\/v2\/posts\/7522\/revisions"}],"predecessor-version":[{"id":7525,"href":"https:\/\/www.prwrestling.com\/nw\/wp-json\/wp\/v2\/posts\/7522\/revisions\/7525"}],"wp:featuredmedia":[{"embeddable":true,"href":"https:\/\/www.prwrestling.com\/nw\/wp-json\/wp\/v2\/media\/3203"}],"wp:attachment":[{"href":"https:\/\/www.prwrestling.com\/nw\/wp-json\/wp\/v2\/media?parent=7522"}],"wp:term":[{"taxonomy":"category","embeddable":true,"href":"https:\/\/www.prwrestling.com\/nw\/wp-json\/wp\/v2\/categories?post=7522"},{"taxonomy":"post_tag","embeddable":true,"href":"https:\/\/www.prwrestling.com\/nw\/wp-json\/wp\/v2\/tags?post=7522"}],"curies":[{"name":"wp","href":"https:\/\/api.w.org\/{rel}","templated":true}]}}