{"id":7631,"date":"2016-04-27T13:39:45","date_gmt":"2016-04-27T17:39:45","guid":{"rendered":"http:\/\/prwrestling.com\/nw\/?p=7631"},"modified":"2016-04-27T13:44:01","modified_gmt":"2016-04-27T17:44:01","slug":"flair-atendido-en-aeropuerto","status":"publish","type":"post","link":"https:\/\/www.prwrestling.com\/nw\/flair-atendido-en-aeropuerto\/","title":{"rendered":"FLAIR ATENDIDO EN AEROPUERTO"},"content":{"rendered":"<p style=\"text-align: center;\"><a href=\"http:\/\/prwrestling.com\/nw\/wp-content\/uploads\/2016\/04\/042616-ric-flair-tmz-3.jpg\" target=\"_blank\" rel=\"noopener\"><img loading=\"lazy\" decoding=\"async\" class=\" wp-image-7632 aligncenter\" alt=\"042616-ric-flair-tmz-3\" src=\"http:\/\/prwrestling.com\/nw\/wp-content\/uploads\/2016\/04\/042616-ric-flair-tmz-3.jpg\" width=\"517\" height=\"402\" srcset=\"https:\/\/www.prwrestling.com\/nw\/wp-content\/uploads\/2016\/04\/042616-ric-flair-tmz-3.jpg 718w, https:\/\/www.prwrestling.com\/nw\/wp-content\/uploads\/2016\/04\/042616-ric-flair-tmz-3-300x233.jpg 300w\" sizes=\"auto, (max-width: 517px) 100vw, 517px\" \/><\/a><\/p>\n<p>Ric Flair fue tratado por un corte en la mano en el aeropuerto internacional de Logan en Boston el mi\u00e9rcoles por la ma\u00f1ana &#8230; pero los testigos dicen que fue la culminaci\u00f3n de una muy extra\u00f1a ma\u00f1ana para la leyenda de la WWE .<!--more--><\/p>\n<p style=\"text-align: center;\">Contin\u00faa abajo<br \/>\n<script type=\"text\/javascript\" src=\"\/\/pagead2.googlesyndication.com\/pagead\/js\/adsbygoogle.js\" async=\"\"><\/script><!-- 300x250 en medio de portajes (manual placement) --> <ins class=\"adsbygoogle\" style=\"display: inline-block; width: 300px; height: 250px;\" data-ad-client=\"ca-pub-1244235910658811\" data-ad-slot=\"8592682546\"><\/ins><script type=\"text\/javascript\">\/\/ <![CDATA[\n(adsbygoogle = window.adsbygoogle || []).push({});\n\/\/ ]]><\/script><\/p>\n<p>TMZ reporta que Flair estaba en una barra localizada en el aeropuerto antes de su vuelo &#8211; y varios testigos dicen que estaba actuando como una persona borracha. Un testigo dice que hablaba en voz alta y desagradable. Flair luego sufri\u00f3 una cortadura en su mano y fue asistido por las autoridades del \u00e1rea, como muestra la foto en este reportaje.<\/p>\n<p>Tras el del incidente el luchador logr\u00f3 tomar otro vuelo y su representante al igual que las autoridades aseguraron que lo ocurrido no estaba relacionado al uso de bebidas alcoh\u00f3licas.<\/p>\n","protected":false},"excerpt":{"rendered":"<p>Ric Flair fue tratado por un corte en la mano en el aeropuerto internacional de Logan en Boston el mi\u00e9rcoles por la ma\u00f1ana &#8230; pero los testigos dicen que fue la culminaci\u00f3n de una muy extra\u00f1a ma\u00f1ana para la leyenda de la WWE .<\/p>\n","protected":false},"author":3,"featured_media":7632,"comment_status":"closed","ping_status":"closed","sticky":false,"template":"","format":"standard","meta":{"footnotes":""},"categories":[5],"tags":[],"class_list":{"0":"post-7631","1":"post","2":"type-post","3":"status-publish","4":"format-standard","5":"has-post-thumbnail","7":"category-noticias"},"_links":{"self":[{"href":"https:\/\/www.prwrestling.com\/nw\/wp-json\/wp\/v2\/posts\/7631","targetHints":{"allow":["GET"]}}],"collection":[{"href":"https:\/\/www.prwrestling.com\/nw\/wp-json\/wp\/v2\/posts"}],"about":[{"href":"https:\/\/www.prwrestling.com\/nw\/wp-json\/wp\/v2\/types\/post"}],"author":[{"embeddable":true,"href":"https:\/\/www.prwrestling.com\/nw\/wp-json\/wp\/v2\/users\/3"}],"replies":[{"embeddable":true,"href":"https:\/\/www.prwrestling.com\/nw\/wp-json\/wp\/v2\/comments?post=7631"}],"version-history":[{"count":4,"href":"https:\/\/www.prwrestling.com\/nw\/wp-json\/wp\/v2\/posts\/7631\/revisions"}],"predecessor-version":[{"id":7636,"href":"https:\/\/www.prwrestling.com\/nw\/wp-json\/wp\/v2\/posts\/7631\/revisions\/7636"}],"wp:featuredmedia":[{"embeddable":true,"href":"https:\/\/www.prwrestling.com\/nw\/wp-json\/wp\/v2\/media\/7632"}],"wp:attachment":[{"href":"https:\/\/www.prwrestling.com\/nw\/wp-json\/wp\/v2\/media?parent=7631"}],"wp:term":[{"taxonomy":"category","embeddable":true,"href":"https:\/\/www.prwrestling.com\/nw\/wp-json\/wp\/v2\/categories?post=7631"},{"taxonomy":"post_tag","embeddable":true,"href":"https:\/\/www.prwrestling.com\/nw\/wp-json\/wp\/v2\/tags?post=7631"}],"curies":[{"name":"wp","href":"https:\/\/api.w.org\/{rel}","templated":true}]}}