{"id":7895,"date":"2016-05-19T21:18:56","date_gmt":"2016-05-20T01:18:56","guid":{"rendered":"http:\/\/prwrestling.com\/nw\/?p=7895"},"modified":"2016-05-19T21:19:41","modified_gmt":"2016-05-20T01:19:41","slug":"notas-de-la-wwe-73","status":"publish","type":"post","link":"https:\/\/www.prwrestling.com\/nw\/notas-de-la-wwe-73\/","title":{"rendered":"NOTAS DE LA WWE"},"content":{"rendered":"<p style=\"text-align: center;\"><a href=\"http:\/\/prwrestling.com\/nw\/wp-content\/uploads\/2016\/05\/stephanie.jpg\" target=\"_blank\" rel=\"noopener\"><img loading=\"lazy\" decoding=\"async\" class=\" wp-image-7896 aligncenter\" alt=\"stephanie\" src=\"http:\/\/prwrestling.com\/nw\/wp-content\/uploads\/2016\/05\/stephanie-1024x576.jpg\" width=\"545\" height=\"306\" srcset=\"https:\/\/www.prwrestling.com\/nw\/wp-content\/uploads\/2016\/05\/stephanie-1024x576.jpg 1024w, https:\/\/www.prwrestling.com\/nw\/wp-content\/uploads\/2016\/05\/stephanie-300x168.jpg 300w, https:\/\/www.prwrestling.com\/nw\/wp-content\/uploads\/2016\/05\/stephanie.jpg 1600w\" sizes=\"auto, (max-width: 545px) 100vw, 545px\" \/><\/a><\/p>\n<p><em>Lo m\u00e1s reciente de\u00a0\u00a0Stephanie McMahon, Daniel Bryan, Lana, Despido de Brawler y m\u00e1s.<!--more--><\/em><\/p>\n<p>&#8211; Como saben, <strong>Stephanie McMahon<\/strong> est\u00e1 trabajando actualmente en su libro de memorias que se publicar\u00e1 en septiembre. Se espera que el libro sea una noticia de mucho empuje en los pr\u00f3ximos meses a medida que la WWE espera utilizar las memorias de Stephanie como una manera de colocar el foco sobre ella ante los medios.<\/p>\n<p>Uno de los objetivos de la WWE es conseguir m\u00e1s ojos sobre Stephanie y para tener una nueva relaci\u00f3n con el p\u00fablico para cuando llegue el momento de reemplazar a Vince McMahon, sea vista como la heredera preparada ante la opini\u00f3n p\u00fablica. Este nuevo libro ser\u00e1 una gran parte de ese objetivo.<\/p>\n<p>&#8211;\u00a0\u00a0\u00a0\u00a0\u00a0\u00a0 Se rumora que <strong>Kalisto<\/strong> podr\u00eda tener una acompa\u00f1ante femenina pronto para contrarrestar a Lana y Rusev durante la ri\u00f1a actual por el campeonato US.<\/p>\n<p style=\"text-align: center;\">Continua abajo<br \/>\n<script type=\"text\/javascript\" src=\"\/\/pagead2.googlesyndication.com\/pagead\/js\/adsbygoogle.js\" async=\"\"><\/script><!-- 300x250 en medio de portajes (manual placement) --> <ins class=\"adsbygoogle\" style=\"display: inline-block; width: 300px; height: 250px;\" data-ad-client=\"ca-pub-1244235910658811\" data-ad-slot=\"8592682546\"><\/ins><script type=\"text\/javascript\">\/\/ <![CDATA[\n(adsbygoogle = window.adsbygoogle || []).push({});\n\/\/ ]]><\/script><\/p>\n<p>&#8211;\u00a0\u00a0\u00a0\u00a0\u00a0\u00a0 <strong>Lana<\/strong> recientemente vio accion en NXT el 14 de mayo en in Largo, FL en una lucha en parejas. Los oficiales de la WWE est\u00e1n interesados en que se desarrolle mas como luchadora.<\/p>\n<p>&#8211;\u00a0\u00a0\u00a0\u00a0\u00a0\u00a0 El Observer reporta que el despido de <strong>Brooklyn Brawler<\/strong>\u00a0(Steve Lombardi) de la WWE se debi\u00f3 a un \u201cpeque\u00f1o\u201d error que cometi\u00f3 en sus labores. No se saben m\u00e1s detalles.<\/p>\n<p>&#8211;\u00a0\u00a0\u00a0\u00a0\u00a0\u00a0 <strong>Daniel Bryan<\/strong> celebra sus dos a\u00f1os tras haber sido operado del cuello:<\/p>\n<blockquote class=\"twitter-tweet\" data-lang=\"en\">\n<p dir=\"ltr\" lang=\"en\">This week marks 2 years since my neck surgery. Take my weakness and make it my strength. <a href=\"https:\/\/twitter.com\/hashtag\/PlantStrong?src=hash\" target=\"_blank\" rel=\"noopener\">#PlantStrong<\/a> <a href=\"https:\/\/twitter.com\/hashtag\/NeverGiveUp?src=hash\" target=\"_blank\" rel=\"noopener\">#NeverGiveUp<\/a> <a href=\"https:\/\/t.co\/DubOPhqKWH\">pic.twitter.com\/DubOPhqKWH<\/a><\/p>\n<p>\u2014 Daniel Bryan (@WWEDanielBryan) <a href=\"https:\/\/twitter.com\/WWEDanielBryan\/status\/733416120569319425\" target=\"_blank\" rel=\"noopener\">May 19, 2016<\/a><\/p><\/blockquote>\n<p>&nbsp;<\/p>\n","protected":false},"excerpt":{"rendered":"<p>Lo m\u00e1s reciente de\u00a0\u00a0Stephanie McMahon, Daniel Bryan, Lana, Despido de Brawler y m\u00e1s.<\/p>\n","protected":false},"author":3,"featured_media":7896,"comment_status":"closed","ping_status":"closed","sticky":false,"template":"","format":"standard","meta":{"footnotes":""},"categories":[5],"tags":[],"class_list":{"0":"post-7895","1":"post","2":"type-post","3":"status-publish","4":"format-standard","5":"has-post-thumbnail","7":"category-noticias"},"_links":{"self":[{"href":"https:\/\/www.prwrestling.com\/nw\/wp-json\/wp\/v2\/posts\/7895","targetHints":{"allow":["GET"]}}],"collection":[{"href":"https:\/\/www.prwrestling.com\/nw\/wp-json\/wp\/v2\/posts"}],"about":[{"href":"https:\/\/www.prwrestling.com\/nw\/wp-json\/wp\/v2\/types\/post"}],"author":[{"embeddable":true,"href":"https:\/\/www.prwrestling.com\/nw\/wp-json\/wp\/v2\/users\/3"}],"replies":[{"embeddable":true,"href":"https:\/\/www.prwrestling.com\/nw\/wp-json\/wp\/v2\/comments?post=7895"}],"version-history":[{"count":2,"href":"https:\/\/www.prwrestling.com\/nw\/wp-json\/wp\/v2\/posts\/7895\/revisions"}],"predecessor-version":[{"id":7898,"href":"https:\/\/www.prwrestling.com\/nw\/wp-json\/wp\/v2\/posts\/7895\/revisions\/7898"}],"wp:featuredmedia":[{"embeddable":true,"href":"https:\/\/www.prwrestling.com\/nw\/wp-json\/wp\/v2\/media\/7896"}],"wp:attachment":[{"href":"https:\/\/www.prwrestling.com\/nw\/wp-json\/wp\/v2\/media?parent=7895"}],"wp:term":[{"taxonomy":"category","embeddable":true,"href":"https:\/\/www.prwrestling.com\/nw\/wp-json\/wp\/v2\/categories?post=7895"},{"taxonomy":"post_tag","embeddable":true,"href":"https:\/\/www.prwrestling.com\/nw\/wp-json\/wp\/v2\/tags?post=7895"}],"curies":[{"name":"wp","href":"https:\/\/api.w.org\/{rel}","templated":true}]}}