{"id":8420,"date":"2016-06-21T16:51:30","date_gmt":"2016-06-21T20:51:30","guid":{"rendered":"http:\/\/prwrestling.com\/nw\/?p=8420"},"modified":"2016-06-21T17:09:58","modified_gmt":"2016-06-21T21:09:58","slug":"wwe-suspende-a-roman-reigns","status":"publish","type":"post","link":"https:\/\/www.prwrestling.com\/nw\/wwe-suspende-a-roman-reigns\/","title":{"rendered":"WWE SUSPENDE A ROMAN REIGNS"},"content":{"rendered":"<p style=\"text-align: center;\"><a href=\"http:\/\/prwrestling.com\/nw\/wp-content\/uploads\/2015\/11\/roman-reigns1.jpg\" target=\"_blank\" rel=\"noopener\"><img loading=\"lazy\" decoding=\"async\" class=\" wp-image-5787 aligncenter\" alt=\"roman reigns\" src=\"http:\/\/prwrestling.com\/nw\/wp-content\/uploads\/2015\/11\/roman-reigns1.jpg\" width=\"540\" height=\"270\" srcset=\"https:\/\/www.prwrestling.com\/nw\/wp-content\/uploads\/2015\/11\/roman-reigns1.jpg 600w, https:\/\/www.prwrestling.com\/nw\/wp-content\/uploads\/2015\/11\/roman-reigns1-300x150.jpg 300w\" sizes=\"auto, (max-width: 540px) 100vw, 540px\" \/><\/a><\/p>\n<p>Roman Reigns fue suspendido de la WWE por 30 d\u00edas tras una violaci\u00f3n en el Programa de Mejoramiento de la empresa.<!--more--><\/p>\n<p>WWE realizo el anuncio v\u00eda WWE.com, cual curiosamente incluyo una disculpa de Reigns publicada en Twitter como parte del mismo comunicado.<\/p>\n<p>&#8220;Me disculpo con mi familia, amigos y fans por mi error en la violaci\u00f3n de la pol\u00edtica de bienestar de la WWE&#8221;, escribi\u00f3 Reigns. &#8220;No hay excusas. Me adue\u00f1o de esto,&#8221; dijo.<\/p>\n<p style=\"text-align: center;\">Contin\u00faa abajo<br \/>\n<script type=\"text\/javascript\" src=\"\/\/pagead2.googlesyndication.com\/pagead\/js\/adsbygoogle.js\" async=\"\"><\/script><!-- 300x250 en medio de portajes (manual placement) --> <ins class=\"adsbygoogle\" style=\"display: inline-block; width: 300px; height: 250px;\" data-ad-client=\"ca-pub-1244235910658811\" data-ad-slot=\"8592682546\"><\/ins><script type=\"text\/javascript\">\/\/ <![CDATA[\n(adsbygoogle = window.adsbygoogle || []).push({});\n\/\/ ]]><\/script><\/p>\n<p>Los 30 d\u00edas comenzar\u00edan hoy martes, lo que significa que el luchador estar\u00eda disponible para ver acci\u00f3n en Battleground. Ayer en Raw se determin\u00f3 que Reigns ser\u00eda parte de la lucha estelar, cual ser\u00e1 un 3way por el campeonato de la WWE. Se especula que esta lucha se mantendr\u00e1 en pie.<\/p>\n<p>Reigns sin embargo no estar\u00eda disponible en el programa de la Loteria de Raw y Samckdown el 19 de julio, lo que podr\u00eda crear una situaci\u00f3n dif\u00edcil para la empresa al considerarse que el luchador ser\u00eda una de las estrellas principales alrededor de los escogidos de la noche.<\/p>\n<p style=\"text-align: center;\"><strong>Opina abajo!<\/strong><br \/>\n<script type=\"text\/javascript\" src=\"\/\/pagead2.googlesyndication.com\/pagead\/js\/adsbygoogle.js\" async=\"\"><\/script><!-- 300x250, abajo de reportaje --> <ins class=\"adsbygoogle\" style=\"display: inline-block; width: 300px; height: 250px;\" data-ad-client=\"ca-pub-1244235910658811\" data-ad-slot=\"2438031264\"><\/ins><script type=\"text\/javascript\">\/\/ <![CDATA[\n(adsbygoogle = window.adsbygoogle || []).push({});\n\/\/ ]]><\/script><\/p>\n","protected":false},"excerpt":{"rendered":"<p>Roman Reigns fue suspendido de la WWE por 30 d\u00edas tras una violaci\u00f3n en el Programa de Mejoramiento de la empresa.<\/p>\n","protected":false},"author":3,"featured_media":5787,"comment_status":"closed","ping_status":"closed","sticky":false,"template":"","format":"standard","meta":{"footnotes":""},"categories":[5],"tags":[],"class_list":{"0":"post-8420","1":"post","2":"type-post","3":"status-publish","4":"format-standard","5":"has-post-thumbnail","7":"category-noticias"},"_links":{"self":[{"href":"https:\/\/www.prwrestling.com\/nw\/wp-json\/wp\/v2\/posts\/8420","targetHints":{"allow":["GET"]}}],"collection":[{"href":"https:\/\/www.prwrestling.com\/nw\/wp-json\/wp\/v2\/posts"}],"about":[{"href":"https:\/\/www.prwrestling.com\/nw\/wp-json\/wp\/v2\/types\/post"}],"author":[{"embeddable":true,"href":"https:\/\/www.prwrestling.com\/nw\/wp-json\/wp\/v2\/users\/3"}],"replies":[{"embeddable":true,"href":"https:\/\/www.prwrestling.com\/nw\/wp-json\/wp\/v2\/comments?post=8420"}],"version-history":[{"count":3,"href":"https:\/\/www.prwrestling.com\/nw\/wp-json\/wp\/v2\/posts\/8420\/revisions"}],"predecessor-version":[{"id":8425,"href":"https:\/\/www.prwrestling.com\/nw\/wp-json\/wp\/v2\/posts\/8420\/revisions\/8425"}],"wp:featuredmedia":[{"embeddable":true,"href":"https:\/\/www.prwrestling.com\/nw\/wp-json\/wp\/v2\/media\/5787"}],"wp:attachment":[{"href":"https:\/\/www.prwrestling.com\/nw\/wp-json\/wp\/v2\/media?parent=8420"}],"wp:term":[{"taxonomy":"category","embeddable":true,"href":"https:\/\/www.prwrestling.com\/nw\/wp-json\/wp\/v2\/categories?post=8420"},{"taxonomy":"post_tag","embeddable":true,"href":"https:\/\/www.prwrestling.com\/nw\/wp-json\/wp\/v2\/tags?post=8420"}],"curies":[{"name":"wp","href":"https:\/\/api.w.org\/{rel}","templated":true}]}}