{"id":8616,"date":"2016-06-30T10:14:13","date_gmt":"2016-06-30T14:14:13","guid":{"rendered":"http:\/\/prwrestling.com\/nw\/?p=8616"},"modified":"2016-06-30T10:14:13","modified_gmt":"2016-06-30T14:14:13","slug":"batista-dice-stephanie-y-triple-h-le-faltaron-el-respeto","status":"publish","type":"post","link":"https:\/\/www.prwrestling.com\/nw\/batista-dice-stephanie-y-triple-h-le-faltaron-el-respeto\/","title":{"rendered":"BATISTA DICE STEPHANIE Y TRIPLE H LE FALTARON EL RESPETO"},"content":{"rendered":"<p style=\"text-align: center;\"><a href=\"http:\/\/prwrestling.com\/nw\/wp-content\/uploads\/2016\/05\/BATISTA-STEPHANIE.jpg\" target=\"_blank\" rel=\"noopener\"><img loading=\"lazy\" decoding=\"async\" class=\" wp-image-7887 aligncenter\" alt=\"BATISTA STEPHANIE\" src=\"http:\/\/prwrestling.com\/nw\/wp-content\/uploads\/2016\/05\/BATISTA-STEPHANIE-1024x576.jpg\" width=\"614\" height=\"346\" srcset=\"https:\/\/www.prwrestling.com\/nw\/wp-content\/uploads\/2016\/05\/BATISTA-STEPHANIE-1024x576.jpg 1024w, https:\/\/www.prwrestling.com\/nw\/wp-content\/uploads\/2016\/05\/BATISTA-STEPHANIE-300x168.jpg 300w, https:\/\/www.prwrestling.com\/nw\/wp-content\/uploads\/2016\/05\/BATISTA-STEPHANIE.jpg 1280w\" sizes=\"auto, (max-width: 614px) 100vw, 614px\" \/><\/a><\/p>\n<p>Batista ha sido parte de una entrevista de dos partes en MLW Radio en la que habl\u00f3 sin tapujos sobre su regreso en el 2014 a la WWE. El tambi\u00e9n actor cont\u00f3 c\u00f3mo Stephanie McMahon y Triple H le faltaron el respeto en una de las conversaciones relacionadas a su regreso.<!--more--><\/p>\n<p>&#8220;Cuando me fui (en junio), y no he hablado con mucha gente sobre esto, y no me importa si se enojan pro decirlo, pero quer\u00eda volver y hacer SummerSlam.&#8221; Batista continu\u00f3, &#8220;Yo quer\u00eda volver alrededor del lanzamiento de \u201cGuardians\u201d (Of the Galaxy). Y les dije, &#8216;\u00bfno ser\u00eda grande si yo estaba de vuelta estando en la pel\u00edcula n\u00famero uno en el mundo?&#8217; Y ellos se rieron y dijeron, &#8220;S\u00ed, bueno, no sabemos si la pel\u00edcula va a ser tan buena.&#8221; Y fue uno de esos momentos. Literalmente, y juro que no estoy exagerando. Fue un momento muy inc\u00f3modo en el que creo que dudaron en mi y se rieron en mi cara. Y yo doje, &#8216;bien&#8217;. Pero no es que me quer\u00eda ir. Incluso quer\u00eda volver. Es s\u00f3lo que son realmente dif\u00edciles de trabajar y no son flexibles,\u201d dijo.<\/p>\n<p style=\"text-align: center;\">Contin\u00faa abajo<br \/>\n<script type=\"text\/javascript\" src=\"\/\/pagead2.googlesyndication.com\/pagead\/js\/adsbygoogle.js\" async=\"\"><\/script><!-- 300x250 en medio de portajes (manual placement) --> <ins class=\"adsbygoogle\" style=\"display: inline-block; width: 300px; height: 250px;\" data-ad-client=\"ca-pub-1244235910658811\" data-ad-slot=\"8592682546\"><\/ins><script type=\"text\/javascript\">\/\/ <![CDATA[\n(adsbygoogle = window.adsbygoogle || []).push({});\n\/\/ ]]><\/script><\/p>\n<p>A pesar de lo dicho, Batista asegur\u00f3 que si regresa a la WWE ser\u00e1 en sus t\u00e9rminos. &#8220;Si alguna vez volviese ser\u00eda muy diferente, muy diferente a ciencia cierta. Por un lado, me asegurar\u00eda de que antes de volver sepa a lo que me estaba metiendo con un plan y me hacerlos responsables de lo que me prometieron. La \u00faltima vez, realmente no lo hice y lo siento mucho por la forma en todo sucedi\u00f3, hombre, todav\u00eda estoy un poco amargo,&#8221; concluy\u00f3.<\/p>\n<p style=\"text-align: center;\"><strong>Opina abajo!<\/strong><br \/>\n<script type=\"text\/javascript\" src=\"\/\/pagead2.googlesyndication.com\/pagead\/js\/adsbygoogle.js\" async=\"\"><\/script><!-- 300x250, abajo de reportaje --> <ins class=\"adsbygoogle\" style=\"display: inline-block; width: 300px; height: 250px;\" data-ad-client=\"ca-pub-1244235910658811\" data-ad-slot=\"2438031264\"><\/ins><script type=\"text\/javascript\">\/\/ <![CDATA[\n(adsbygoogle = window.adsbygoogle || []).push({});\n\/\/ ]]><\/script><\/p>\n","protected":false},"excerpt":{"rendered":"<p>Batista ha sido parte de una entrevista de dos partes en MLW Radio en la que habl\u00f3 sin tapujos sobre su regreso en el 2014 a la WWE. El tambi\u00e9n actor cont\u00f3 c\u00f3mo Stephanie McMahon y Triple H le faltaron el respeto en una de las conversaciones relacionadas a su regreso.<\/p>\n","protected":false},"author":3,"featured_media":7887,"comment_status":"closed","ping_status":"closed","sticky":false,"template":"","format":"standard","meta":{"footnotes":""},"categories":[5],"tags":[],"class_list":{"0":"post-8616","1":"post","2":"type-post","3":"status-publish","4":"format-standard","5":"has-post-thumbnail","7":"category-noticias"},"_links":{"self":[{"href":"https:\/\/www.prwrestling.com\/nw\/wp-json\/wp\/v2\/posts\/8616","targetHints":{"allow":["GET"]}}],"collection":[{"href":"https:\/\/www.prwrestling.com\/nw\/wp-json\/wp\/v2\/posts"}],"about":[{"href":"https:\/\/www.prwrestling.com\/nw\/wp-json\/wp\/v2\/types\/post"}],"author":[{"embeddable":true,"href":"https:\/\/www.prwrestling.com\/nw\/wp-json\/wp\/v2\/users\/3"}],"replies":[{"embeddable":true,"href":"https:\/\/www.prwrestling.com\/nw\/wp-json\/wp\/v2\/comments?post=8616"}],"version-history":[{"count":1,"href":"https:\/\/www.prwrestling.com\/nw\/wp-json\/wp\/v2\/posts\/8616\/revisions"}],"predecessor-version":[{"id":8618,"href":"https:\/\/www.prwrestling.com\/nw\/wp-json\/wp\/v2\/posts\/8616\/revisions\/8618"}],"wp:featuredmedia":[{"embeddable":true,"href":"https:\/\/www.prwrestling.com\/nw\/wp-json\/wp\/v2\/media\/7887"}],"wp:attachment":[{"href":"https:\/\/www.prwrestling.com\/nw\/wp-json\/wp\/v2\/media?parent=8616"}],"wp:term":[{"taxonomy":"category","embeddable":true,"href":"https:\/\/www.prwrestling.com\/nw\/wp-json\/wp\/v2\/categories?post=8616"},{"taxonomy":"post_tag","embeddable":true,"href":"https:\/\/www.prwrestling.com\/nw\/wp-json\/wp\/v2\/tags?post=8616"}],"curies":[{"name":"wp","href":"https:\/\/api.w.org\/{rel}","templated":true}]}}