{"id":8770,"date":"2016-07-07T07:37:53","date_gmt":"2016-07-07T11:37:53","guid":{"rendered":"http:\/\/prwrestling.com\/nw\/?p=8770"},"modified":"2016-07-07T07:37:53","modified_gmt":"2016-07-07T11:37:53","slug":"orton-vs-lesnar-confirmado","status":"publish","type":"post","link":"https:\/\/www.prwrestling.com\/nw\/orton-vs-lesnar-confirmado\/","title":{"rendered":"ORTON VS LESNAR CONFIRMADO"},"content":{"rendered":"<p style=\"text-align: center;\"><a href=\"http:\/\/prwrestling.com\/nw\/wp-content\/uploads\/2015\/05\/Randy-Orton.jpg\" target=\"_blank\" rel=\"noopener\"><img loading=\"lazy\" decoding=\"async\" class=\" wp-image-3883 aligncenter\" alt=\"Randy-Orton\" src=\"http:\/\/prwrestling.com\/nw\/wp-content\/uploads\/2015\/05\/Randy-Orton.jpg\" width=\"576\" height=\"324\" srcset=\"https:\/\/www.prwrestling.com\/nw\/wp-content\/uploads\/2015\/05\/Randy-Orton.jpg 640w, https:\/\/www.prwrestling.com\/nw\/wp-content\/uploads\/2015\/05\/Randy-Orton-300x168.jpg 300w\" sizes=\"auto, (max-width: 576px) 100vw, 576px\" \/><\/a><\/p>\n<p><em>Se anuncia la lucha, pero no sucedi\u00f3 en Smackdown.<!--more--><\/em><\/p>\n<p>Mientras que la transmisi\u00f3n de Smackdown en Canad\u00e1 no hizo menci\u00f3n de Brock Lesnar en absoluto (en Raw se hab\u00eda anunciado que oponente de Lesnar ser\u00eda anunciado en el programa) Randy Orton finalmente fue anunciado como el de Lesnar en SummerSlam durante el programa Aftermath que se transmite en Sportsnet de Canad\u00e1.<\/p>\n<p style=\"text-align: center;\">Contin\u00faa abajo<br \/>\n<script type=\"text\/javascript\" src=\"\/\/pagead2.googlesyndication.com\/pagead\/js\/adsbygoogle.js\" async=\"\"><\/script><!-- 300x250 en medio de portajes (manual placement) --> <ins class=\"adsbygoogle\" style=\"display: inline-block; width: 300px; height: 250px;\" data-ad-client=\"ca-pub-1244235910658811\" data-ad-slot=\"8592682546\"><\/ins><script type=\"text\/javascript\">\/\/ <![CDATA[\n(adsbygoogle = window.adsbygoogle || []).push({});\n\/\/ ]]><\/script><\/p>\n<p>No est\u00e1 claro si la WWE no logr\u00f3 poner el anuncio de Lesnar en la versi\u00f3n canadiense de Smackdown en temor a que la noticia rompiera antes de emitirse en los EE.UU., o si hubo un cambio de planes.<\/p>\n<p>Orton y Lesnar comenzaron juntos en la OVW, pero nunca han tenido una ri\u00f1a en la WWE.<\/p>\n<p>La lucha adem\u00e1s depende de la salud de Lesnar luego de UFC 200, donde \u00e9l y Mark Hunt han sido trasladados al evento principal luego de que Jon Jones fuera removido debido a una potencial violaci\u00f3n antidopaje del USADA.<\/p>\n<p style=\"text-align: center;\"><strong>Opina abajo!<\/strong><br \/>\n<script type=\"text\/javascript\" src=\"\/\/pagead2.googlesyndication.com\/pagead\/js\/adsbygoogle.js\" async=\"\"><\/script><!-- 300x250, abajo de reportaje --> <ins class=\"adsbygoogle\" style=\"display: inline-block; width: 300px; height: 250px;\" data-ad-client=\"ca-pub-1244235910658811\" data-ad-slot=\"2438031264\"><\/ins><script type=\"text\/javascript\">\/\/ <![CDATA[\n(adsbygoogle = window.adsbygoogle || []).push({});\n\/\/ ]]><\/script><\/p>\n","protected":false},"excerpt":{"rendered":"<p>Se anuncia la lucha, pero no sucedi\u00f3 en Smackdown.<\/p>\n","protected":false},"author":3,"featured_media":3883,"comment_status":"closed","ping_status":"closed","sticky":false,"template":"","format":"standard","meta":{"footnotes":""},"categories":[5],"tags":[],"class_list":{"0":"post-8770","1":"post","2":"type-post","3":"status-publish","4":"format-standard","5":"has-post-thumbnail","7":"category-noticias"},"_links":{"self":[{"href":"https:\/\/www.prwrestling.com\/nw\/wp-json\/wp\/v2\/posts\/8770","targetHints":{"allow":["GET"]}}],"collection":[{"href":"https:\/\/www.prwrestling.com\/nw\/wp-json\/wp\/v2\/posts"}],"about":[{"href":"https:\/\/www.prwrestling.com\/nw\/wp-json\/wp\/v2\/types\/post"}],"author":[{"embeddable":true,"href":"https:\/\/www.prwrestling.com\/nw\/wp-json\/wp\/v2\/users\/3"}],"replies":[{"embeddable":true,"href":"https:\/\/www.prwrestling.com\/nw\/wp-json\/wp\/v2\/comments?post=8770"}],"version-history":[{"count":1,"href":"https:\/\/www.prwrestling.com\/nw\/wp-json\/wp\/v2\/posts\/8770\/revisions"}],"predecessor-version":[{"id":8771,"href":"https:\/\/www.prwrestling.com\/nw\/wp-json\/wp\/v2\/posts\/8770\/revisions\/8771"}],"wp:featuredmedia":[{"embeddable":true,"href":"https:\/\/www.prwrestling.com\/nw\/wp-json\/wp\/v2\/media\/3883"}],"wp:attachment":[{"href":"https:\/\/www.prwrestling.com\/nw\/wp-json\/wp\/v2\/media?parent=8770"}],"wp:term":[{"taxonomy":"category","embeddable":true,"href":"https:\/\/www.prwrestling.com\/nw\/wp-json\/wp\/v2\/categories?post=8770"},{"taxonomy":"post_tag","embeddable":true,"href":"https:\/\/www.prwrestling.com\/nw\/wp-json\/wp\/v2\/tags?post=8770"}],"curies":[{"name":"wp","href":"https:\/\/api.w.org\/{rel}","templated":true}]}}