{"id":8981,"date":"2016-07-15T16:18:18","date_gmt":"2016-07-15T20:18:18","guid":{"rendered":"http:\/\/prwrestling.com\/nw\/?p=8981"},"modified":"2016-07-15T21:42:35","modified_gmt":"2016-07-16T01:42:35","slug":"wwe-va-por-promotores-independientes-por-asunto-legal-buenas-nuevas-para-finn-balor","status":"publish","type":"post","link":"https:\/\/www.prwrestling.com\/nw\/wwe-va-por-promotores-independientes-por-asunto-legal-buenas-nuevas-para-finn-balor\/","title":{"rendered":"WWE va por promotores Independientes por asunto legal; buenas nuevas para Finn Balor"},"content":{"rendered":"<p><a href=\"http:\/\/prwrestling.com\/nw\/wp-content\/uploads\/2015\/12\/Vince1.jpg\" target=\"_blank\" rel=\"noopener\"><img loading=\"lazy\" decoding=\"async\" class=\"alignnone  wp-image-6020\" alt=\"Vince1\" src=\"http:\/\/prwrestling.com\/nw\/wp-content\/uploads\/2015\/12\/Vince1.jpg\" width=\"450\" height=\"253\" srcset=\"https:\/\/www.prwrestling.com\/nw\/wp-content\/uploads\/2015\/12\/Vince1.jpg 750w, https:\/\/www.prwrestling.com\/nw\/wp-content\/uploads\/2015\/12\/Vince1-300x168.jpg 300w\" sizes=\"auto, (max-width: 450px) 100vw, 450px\" \/><\/a><br \/>\n<em>WWE ordena cese y desista; Todo luce favorable para Balor<!--more--><\/em><\/p>\n<p>La WWE ahora persigue a promotores de lucha libre independiente y promotores que hacen convenciones de lucha libre que est\u00e1n utilizando fotograf\u00edas y material promocional de la WWE para ganar dinero. <script type=\"text\/javascript\">\n    google_ad_client = \"ca-pub-4432518938189770\";\n    google_ad_slot = \"8848533845\";\n    google_ad_width = 300;\n    google_ad_height = 250;\n<\/script><br \/>\n<!-- 300 x 200 - rpeortajes --><br \/>\n<script type=\"text\/javascript\"\nsrc=\"\/\/pagead2.googlesyndication.com\/pagead\/show_ads.js\">\n<\/script><br \/>\n&#8211; El equipo legal de la WWE envi\u00f3 varias cartas a diversas organizaciones de lucha libre para que desistan inmediatamente del tal practica.<\/p>\n<p>Este movimiento era obviamente una estrategia de la WWE para golpear a todos de un solo golpe y cabe mencionar que la WWE est\u00e1 legalmente en todo su derecho de hacerlo, ya que son due\u00f1os de cualquier foto tomada por uno de sus fot\u00f3grafos.<\/p>\n<p>&#8211; Se ha rumorado por mucho tiempo sobre cuando ser\u00e1 el d\u00eda en que Finn Balor debute en RAW \u00f3 SmackDown. ( continua abajo ) <script type=\"text\/javascript\">\n    google_ad_client = \"ca-pub-4432518938189770\";\n    google_ad_slot = \"8848533845\";\n    google_ad_width = 300;\n    google_ad_height = 250;\n<\/script><br \/>\n<!-- 300 x 200 - rpeortajes --><br \/>\n<script type=\"text\/javascript\"\nsrc=\"\/\/pagead2.googlesyndication.com\/pagead\/show_ads.js\">\n<\/script><br \/>\nEs importante notar que Balor no estuvo presente en las grabaciones del mi\u00e9rcoles de NXT en Full Sail University, por lo que no apareci\u00f3 en ninguno de los cuatro shows que grabaron.<\/p>\n<p>La fuerte indicaci\u00f3n de todo esto es que pronto estar\u00e1 uni\u00e9ndose a una de las marcas principales de la WWE. Se habla de la posibilidad de que aparezca el pr\u00f3ximo martes en el show que ser\u00e1 en vivo de SmackDown.<\/p>\n","protected":false},"excerpt":{"rendered":"<p>WWE ordena cese y desista; Todo luce favorable para Balor<\/p>\n","protected":false},"author":1,"featured_media":3109,"comment_status":"closed","ping_status":"closed","sticky":false,"template":"","format":"standard","meta":{"footnotes":""},"categories":[5],"tags":[],"class_list":{"0":"post-8981","1":"post","2":"type-post","3":"status-publish","4":"format-standard","5":"has-post-thumbnail","7":"category-noticias"},"_links":{"self":[{"href":"https:\/\/www.prwrestling.com\/nw\/wp-json\/wp\/v2\/posts\/8981","targetHints":{"allow":["GET"]}}],"collection":[{"href":"https:\/\/www.prwrestling.com\/nw\/wp-json\/wp\/v2\/posts"}],"about":[{"href":"https:\/\/www.prwrestling.com\/nw\/wp-json\/wp\/v2\/types\/post"}],"author":[{"embeddable":true,"href":"https:\/\/www.prwrestling.com\/nw\/wp-json\/wp\/v2\/users\/1"}],"replies":[{"embeddable":true,"href":"https:\/\/www.prwrestling.com\/nw\/wp-json\/wp\/v2\/comments?post=8981"}],"version-history":[{"count":3,"href":"https:\/\/www.prwrestling.com\/nw\/wp-json\/wp\/v2\/posts\/8981\/revisions"}],"predecessor-version":[{"id":8997,"href":"https:\/\/www.prwrestling.com\/nw\/wp-json\/wp\/v2\/posts\/8981\/revisions\/8997"}],"wp:featuredmedia":[{"embeddable":true,"href":"https:\/\/www.prwrestling.com\/nw\/wp-json\/wp\/v2\/media\/3109"}],"wp:attachment":[{"href":"https:\/\/www.prwrestling.com\/nw\/wp-json\/wp\/v2\/media?parent=8981"}],"wp:term":[{"taxonomy":"category","embeddable":true,"href":"https:\/\/www.prwrestling.com\/nw\/wp-json\/wp\/v2\/categories?post=8981"},{"taxonomy":"post_tag","embeddable":true,"href":"https:\/\/www.prwrestling.com\/nw\/wp-json\/wp\/v2\/tags?post=8981"}],"curies":[{"name":"wp","href":"https:\/\/api.w.org\/{rel}","templated":true}]}}