{"id":905,"date":"2014-06-25T01:52:02","date_gmt":"2014-06-25T01:52:02","guid":{"rendered":"http:\/\/prwrestling.com\/nw\/?p=905"},"modified":"2014-06-25T01:52:02","modified_gmt":"2014-06-25T01:52:02","slug":"se-lastima-otro-luchador-de-wwe","status":"publish","type":"post","link":"https:\/\/www.prwrestling.com\/nw\/se-lastima-otro-luchador-de-wwe\/","title":{"rendered":"SE LASTIMA OTRO LUCHADOR DE WWE"},"content":{"rendered":"<p><img loading=\"lazy\" decoding=\"async\" class=\"attachment-post-thumbnail alignleft\" alt=\"barrett\" src=\"http:\/\/prwrestling.com\/nw\/wp-content\/uploads\/2014\/05\/barrett-150x150.jpg\" width=\"150\" height=\"150\" \/>De acuerdo con varios corresponsales en las grabaciones de WWE SmackDown de esta noche en Pittsburgh, el campe\u00f3n intercontinental Bad News Barrett sufri\u00f3 lo que parec\u00eda ser una lesi\u00f3n en el hombro, posiblemente una separaci\u00f3n.<!--more--><\/p>\n<p>Despu\u00e9s de su encuentro con Dean Ambrose, hab\u00eda un segmento de post-lucha en el que Barrett se call\u00f3 y se agarr\u00f3 el hombro. El \u00e1rbitro levant\u00f3 el s\u00edmbolo &#8220;X&#8221; y llegaron los m\u00e9dicos de la WWE a asistir a Barrett a la parte posterior.<\/p>\n","protected":false},"excerpt":{"rendered":"<p>De acuerdo con varios corresponsales en las grabaciones de WWE SmackDown de esta noche en Pittsburgh, el campe\u00f3n intercontinental Bad News Barrett sufri\u00f3 lo que parec\u00eda ser una lesi\u00f3n en el hombro, posiblemente una separaci\u00f3n.<\/p>\n","protected":false},"author":1,"featured_media":663,"comment_status":"open","ping_status":"open","sticky":false,"template":"","format":"standard","meta":{"footnotes":""},"categories":[5],"tags":[],"class_list":{"0":"post-905","1":"post","2":"type-post","3":"status-publish","4":"format-standard","5":"has-post-thumbnail","7":"category-noticias"},"_links":{"self":[{"href":"https:\/\/www.prwrestling.com\/nw\/wp-json\/wp\/v2\/posts\/905","targetHints":{"allow":["GET"]}}],"collection":[{"href":"https:\/\/www.prwrestling.com\/nw\/wp-json\/wp\/v2\/posts"}],"about":[{"href":"https:\/\/www.prwrestling.com\/nw\/wp-json\/wp\/v2\/types\/post"}],"author":[{"embeddable":true,"href":"https:\/\/www.prwrestling.com\/nw\/wp-json\/wp\/v2\/users\/1"}],"replies":[{"embeddable":true,"href":"https:\/\/www.prwrestling.com\/nw\/wp-json\/wp\/v2\/comments?post=905"}],"version-history":[{"count":1,"href":"https:\/\/www.prwrestling.com\/nw\/wp-json\/wp\/v2\/posts\/905\/revisions"}],"predecessor-version":[{"id":906,"href":"https:\/\/www.prwrestling.com\/nw\/wp-json\/wp\/v2\/posts\/905\/revisions\/906"}],"wp:featuredmedia":[{"embeddable":true,"href":"https:\/\/www.prwrestling.com\/nw\/wp-json\/wp\/v2\/media\/663"}],"wp:attachment":[{"href":"https:\/\/www.prwrestling.com\/nw\/wp-json\/wp\/v2\/media?parent=905"}],"wp:term":[{"taxonomy":"category","embeddable":true,"href":"https:\/\/www.prwrestling.com\/nw\/wp-json\/wp\/v2\/categories?post=905"},{"taxonomy":"post_tag","embeddable":true,"href":"https:\/\/www.prwrestling.com\/nw\/wp-json\/wp\/v2\/tags?post=905"}],"curies":[{"name":"wp","href":"https:\/\/api.w.org\/{rel}","templated":true}]}}