{"id":9361,"date":"2016-08-01T19:36:52","date_gmt":"2016-08-01T23:36:52","guid":{"rendered":"http:\/\/prwrestling.com\/nw\/?p=9361"},"modified":"2016-08-01T19:36:52","modified_gmt":"2016-08-01T23:36:52","slug":"lillian-garcia-anuncia-salida-de-la-wwe","status":"publish","type":"post","link":"https:\/\/www.prwrestling.com\/nw\/lillian-garcia-anuncia-salida-de-la-wwe\/","title":{"rendered":"LILLIAN GARCIA ANUNCIA SALIDA DE LA WWE"},"content":{"rendered":"<p style=\"text-align: center;\"><a href=\"http:\/\/prwrestling.com\/nw\/wp-content\/uploads\/2016\/05\/Lillian_Garcia_bio.png\" target=\"_blank\" rel=\"noopener\"><img loading=\"lazy\" decoding=\"async\" class=\" wp-image-7837 aligncenter\" alt=\"Lillian_Garcia_bio\" src=\"http:\/\/prwrestling.com\/nw\/wp-content\/uploads\/2016\/05\/Lillian_Garcia_bio-1024x576.png\" width=\"576\" height=\"324\" srcset=\"https:\/\/www.prwrestling.com\/nw\/wp-content\/uploads\/2016\/05\/Lillian_Garcia_bio-1024x576.png 1024w, https:\/\/www.prwrestling.com\/nw\/wp-content\/uploads\/2016\/05\/Lillian_Garcia_bio-300x168.png 300w, https:\/\/www.prwrestling.com\/nw\/wp-content\/uploads\/2016\/05\/Lillian_Garcia_bio.png 1200w\" sizes=\"auto, (max-width: 576px) 100vw, 576px\" \/><\/a><\/p>\n<p>Despu\u00e9s de una ausencia a principios de este a\u00f1o que caus\u00f3 especulaci\u00f3n acerca de su empleo con la compa\u00f1\u00eda, Lilian Garc\u00eda oficialmente dejar\u00e1 la WWE para ayudar a cuidar de su padre enfermo.<!--more--><\/p>\n<p>La anunciadora public\u00f3 en Instagram esta tarde que ella ya no estar\u00e1 viajando semanalmente con la WWE y buscar\u00e1 un trabajo cerca de su casa.<\/p>\n<p style=\"text-align: center;\">Contin\u00faa abajo<br \/>\n<script type=\"text\/javascript\" src=\"\/\/pagead2.googlesyndication.com\/pagead\/js\/adsbygoogle.js\" async=\"\"><\/script><!-- 300x250 en medio de portajes (manual placement) --> <ins class=\"adsbygoogle\" style=\"display: inline-block; width: 300px; height: 250px;\" data-ad-client=\"ca-pub-1244235910658811\" data-ad-slot=\"8592682546\"><\/ins><script type=\"text\/javascript\">\/\/ <![CDATA[\n(adsbygoogle = window.adsbygoogle || []).push({});\n\/\/ ]]><\/script><\/p>\n<p>&#8220;Como la mayor\u00eda de ustedes saben, mi padre ha estado luchando con dos tipos diferentes de c\u00e1ncer. No le ha estado yendo como esper\u00e1bamos, POR LO TANTO, yo no estar\u00e9 viajando semanalmente con la WWE por m\u00e1s tiempo. Voy a buscar un trabajo m\u00e1s cerca de donde vivo para no estar lejos de \u00e9l. \u00c9l realmente me necesita, y necesito este tiempo con \u00e9l. Les pido que por favor contin\u00faen oraciones por mi padre y mi familia,&#8221; dijo Garc\u00eda.<\/p>\n<p>Lillian comenz\u00f3 su carrera en la WWE en el 1999 y ha tenido una larga corrida en su papel como anunciadora en el ring, entre otras capacidades. Garc\u00eda dej\u00f3 la WWE originalmente en el 2009, antes de regresar en el 2011. Ella ha sido una constante en las transmisiones de la WWE durante la mayor parte de los \u00faltimos 17 a\u00f1os.<\/p>\n<p style=\"text-align: center;\"><strong>Opina abajo!<\/strong><br \/>\n<script type=\"text\/javascript\" src=\"\/\/pagead2.googlesyndication.com\/pagead\/js\/adsbygoogle.js\" async=\"\"><\/script><!-- 300x250, abajo de reportaje --> <ins class=\"adsbygoogle\" style=\"display: inline-block; width: 300px; height: 250px;\" data-ad-client=\"ca-pub-1244235910658811\" data-ad-slot=\"2438031264\"><\/ins><script type=\"text\/javascript\">\/\/ <![CDATA[\n(adsbygoogle = window.adsbygoogle || []).push({});\n\/\/ ]]><\/script><\/p>\n","protected":false},"excerpt":{"rendered":"<p>Despu\u00e9s de una ausencia a principios de este a\u00f1o que caus\u00f3 especulaci\u00f3n acerca de su empleo con la compa\u00f1\u00eda, Lilian Garc\u00eda oficialmente dejar\u00e1 la WWE para ayudar a cuidar de su padre enfermo.<\/p>\n","protected":false},"author":3,"featured_media":7837,"comment_status":"closed","ping_status":"closed","sticky":false,"template":"","format":"standard","meta":{"footnotes":""},"categories":[5],"tags":[],"class_list":{"0":"post-9361","1":"post","2":"type-post","3":"status-publish","4":"format-standard","5":"has-post-thumbnail","7":"category-noticias"},"_links":{"self":[{"href":"https:\/\/www.prwrestling.com\/nw\/wp-json\/wp\/v2\/posts\/9361","targetHints":{"allow":["GET"]}}],"collection":[{"href":"https:\/\/www.prwrestling.com\/nw\/wp-json\/wp\/v2\/posts"}],"about":[{"href":"https:\/\/www.prwrestling.com\/nw\/wp-json\/wp\/v2\/types\/post"}],"author":[{"embeddable":true,"href":"https:\/\/www.prwrestling.com\/nw\/wp-json\/wp\/v2\/users\/3"}],"replies":[{"embeddable":true,"href":"https:\/\/www.prwrestling.com\/nw\/wp-json\/wp\/v2\/comments?post=9361"}],"version-history":[{"count":1,"href":"https:\/\/www.prwrestling.com\/nw\/wp-json\/wp\/v2\/posts\/9361\/revisions"}],"predecessor-version":[{"id":9362,"href":"https:\/\/www.prwrestling.com\/nw\/wp-json\/wp\/v2\/posts\/9361\/revisions\/9362"}],"wp:featuredmedia":[{"embeddable":true,"href":"https:\/\/www.prwrestling.com\/nw\/wp-json\/wp\/v2\/media\/7837"}],"wp:attachment":[{"href":"https:\/\/www.prwrestling.com\/nw\/wp-json\/wp\/v2\/media?parent=9361"}],"wp:term":[{"taxonomy":"category","embeddable":true,"href":"https:\/\/www.prwrestling.com\/nw\/wp-json\/wp\/v2\/categories?post=9361"},{"taxonomy":"post_tag","embeddable":true,"href":"https:\/\/www.prwrestling.com\/nw\/wp-json\/wp\/v2\/tags?post=9361"}],"curies":[{"name":"wp","href":"https:\/\/api.w.org\/{rel}","templated":true}]}}