{"id":94,"date":"2014-03-30T15:11:05","date_gmt":"2014-03-30T15:11:05","guid":{"rendered":"http:\/\/prwrestling.com\/nw\/?p=94"},"modified":"2014-03-31T00:39:11","modified_gmt":"2014-03-31T00:39:11","slug":"lita-comenta-sobre-la-division-de-divas-tras-su-salida","status":"publish","type":"post","link":"https:\/\/www.prwrestling.com\/nw\/lita-comenta-sobre-la-division-de-divas-tras-su-salida\/","title":{"rendered":"Lita comenta sobre la division de Divas tras su salida"},"content":{"rendered":"<p><img loading=\"lazy\" decoding=\"async\" class=\"attachment-post-thumbnail alignleft\" alt=\"lita\" src=\"http:\/\/prwrestling.com\/nw\/wp-content\/uploads\/2014\/03\/lita-150x150.jpg\" width=\"150\" height=\"150\" \/>La pronto a ser exaltada al Sal\u00f3n de la Fama de la WWE Lita habl\u00f3 con The Miami Herald sobre su opini\u00f3n de la divisi\u00f3n de Divas hoy d\u00eda.<\/p>\n<p>&#8220;Digamos que una generaci\u00f3n es de siete a\u00f1os de duraci\u00f3n. Han pasado siete a\u00f1os desde que Trish y yo nos fuimos. <!--more-->Dejamos a los pocos meses de diferencia. La divisi\u00f3n de Divas recibi\u00f3 un golpe y no me siento como que se ha recuperado totalmente. Me encantar\u00eda verla conseguir esa chispa de nuevo, que la participaci\u00f3n de un plantel profundo que usted podr\u00eda tener un mont\u00f3n de personajes convincentes &#8211; los que desea salir y ver. \u00a0Al mismo tiempo, las mujeres, al igual que la divisi\u00f3n en parejas, eran s\u00faper fuerte. No s\u00e9 si ha habido ese tipo de atenci\u00f3n desde ese entonces. Fue un momento especial que me alegro de haber sido parte de cuando estaba ah\u00ed,&#8221; dijo .<\/p>\n<p><a href=\"http:\/\/bit.ly\/1jx3jeI\" target=\"_blank\" rel=\"noopener\">Analisis de la presion de la fanaticada a la WWE, lo que esta pasando en WWC y entrevista a Alberto del Rio esta semana en DESDE LA 3RA CUERDA, escuchalo aqu\u00ed<\/a><\/p>\n","protected":false},"excerpt":{"rendered":"<p>La pronto a ser exaltada al Sal\u00f3n de la Fama de la WWE Lita habl\u00f3 con The Miami Herald sobre su opini\u00f3n de la divisi\u00f3n de Divas hoy d\u00eda. &#8220;Digamos que una generaci\u00f3n es de siete a\u00f1os de duraci\u00f3n. Han pasado siete a\u00f1os desde que Trish y yo nos fuimos.<\/p>\n","protected":false},"author":1,"featured_media":95,"comment_status":"closed","ping_status":"open","sticky":false,"template":"","format":"standard","meta":{"footnotes":""},"categories":[5],"tags":[],"class_list":{"0":"post-94","1":"post","2":"type-post","3":"status-publish","4":"format-standard","5":"has-post-thumbnail","7":"category-noticias"},"_links":{"self":[{"href":"https:\/\/www.prwrestling.com\/nw\/wp-json\/wp\/v2\/posts\/94","targetHints":{"allow":["GET"]}}],"collection":[{"href":"https:\/\/www.prwrestling.com\/nw\/wp-json\/wp\/v2\/posts"}],"about":[{"href":"https:\/\/www.prwrestling.com\/nw\/wp-json\/wp\/v2\/types\/post"}],"author":[{"embeddable":true,"href":"https:\/\/www.prwrestling.com\/nw\/wp-json\/wp\/v2\/users\/1"}],"replies":[{"embeddable":true,"href":"https:\/\/www.prwrestling.com\/nw\/wp-json\/wp\/v2\/comments?post=94"}],"version-history":[{"count":4,"href":"https:\/\/www.prwrestling.com\/nw\/wp-json\/wp\/v2\/posts\/94\/revisions"}],"predecessor-version":[{"id":119,"href":"https:\/\/www.prwrestling.com\/nw\/wp-json\/wp\/v2\/posts\/94\/revisions\/119"}],"wp:featuredmedia":[{"embeddable":true,"href":"https:\/\/www.prwrestling.com\/nw\/wp-json\/wp\/v2\/media\/95"}],"wp:attachment":[{"href":"https:\/\/www.prwrestling.com\/nw\/wp-json\/wp\/v2\/media?parent=94"}],"wp:term":[{"taxonomy":"category","embeddable":true,"href":"https:\/\/www.prwrestling.com\/nw\/wp-json\/wp\/v2\/categories?post=94"},{"taxonomy":"post_tag","embeddable":true,"href":"https:\/\/www.prwrestling.com\/nw\/wp-json\/wp\/v2\/tags?post=94"}],"curies":[{"name":"wp","href":"https:\/\/api.w.org\/{rel}","templated":true}]}}