{"id":9601,"date":"2016-08-18T09:28:45","date_gmt":"2016-08-18T13:28:45","guid":{"rendered":"http:\/\/prwrestling.com\/nw\/?p=9601"},"modified":"2016-08-18T09:28:45","modified_gmt":"2016-08-18T13:28:45","slug":"reporte-descontento-con-ambrose-tras-comentarios-en-podcast","status":"publish","type":"post","link":"https:\/\/www.prwrestling.com\/nw\/reporte-descontento-con-ambrose-tras-comentarios-en-podcast\/","title":{"rendered":"REPORTE: DESCONTENTO CON AMBROSE TRAS COMENTARIOS EN PODCAST"},"content":{"rendered":"<p><a href=\"http:\/\/prwrestling.com\/nw\/wp-content\/uploads\/2016\/03\/Triple-H-Face-Off-with-Dean-Ambrose-600x250.jpg\" target=\"_blank\" rel=\"noopener\"><img loading=\"lazy\" decoding=\"async\" class=\"size-full wp-image-6955 aligncenter\" alt=\"Triple-H-Face-Off-with-Dean-Ambrose-600x250\" src=\"http:\/\/prwrestling.com\/nw\/wp-content\/uploads\/2016\/03\/Triple-H-Face-Off-with-Dean-Ambrose-600x250.jpg\" width=\"600\" height=\"250\" srcset=\"https:\/\/www.prwrestling.com\/nw\/wp-content\/uploads\/2016\/03\/Triple-H-Face-Off-with-Dean-Ambrose-600x250.jpg 600w, https:\/\/www.prwrestling.com\/nw\/wp-content\/uploads\/2016\/03\/Triple-H-Face-Off-with-Dean-Ambrose-600x250-300x125.jpg 300w\" sizes=\"auto, (max-width: 600px) 100vw, 600px\" \/><\/a><\/p>\n<p>El Wrestling Observer reporta que Dean Ambrose se meti\u00f3 en problemas leves tras bastidores luego de su reciente aparici\u00f3n en el &#8220;Stone Cold podcast&#8221; con Steve Austin la semana pasada en el WWE Network.<!--more--><\/p>\n<p style=\"text-align: center;\">Contin\u00faa abajo<br \/>\n<script type=\"text\/javascript\" src=\"\/\/pagead2.googlesyndication.com\/pagead\/js\/adsbygoogle.js\" async=\"\"><\/script><!-- 300x250 en medio de portajes (manual placement) --> <ins class=\"adsbygoogle\" style=\"display: inline-block; width: 300px; height: 250px;\" data-ad-client=\"ca-pub-1244235910658811\" data-ad-slot=\"8592682546\"><\/ins><script type=\"text\/javascript\">\/\/ <![CDATA[\n(adsbygoogle = window.adsbygoogle || []).push({});\n\/\/ ]]><\/script><\/p>\n<p>Ir\u00f3nicamente, a pesar de que la entrevista se destac\u00f3 por las pocas preguntas que Ambrose quiso contestar, sus comentarios negativos sobre el equipo creativo, lo que a consecuencia es una cr\u00edtica indirecta a Triple H y Vince McMahon, fueron la causa del descontento con el luchador.<\/p>\n<p>Los funcionarios tambi\u00e9n no estaban complacidos por Ambrose hablar en p\u00fablico sobre c\u00f3mo Brock Lesnar no quiso hacer nada por su lucha en WrestleMania 32 y su poca disposici\u00f3n en hacer la lucha que Ambrose quer\u00eda hacer esa noche.<\/p>\n<p style=\"text-align: center;\">Comenta abajo<br \/>\n<script type=\"text\/javascript\" src=\"\/\/pagead2.googlesyndication.com\/pagead\/js\/adsbygoogle.js\" async=\"\"><\/script><!-- 300x250 en medio de portajes (manual placement) --> <ins class=\"adsbygoogle\" style=\"display: inline-block; width: 300px; height: 250px;\" data-ad-client=\"ca-pub-1244235910658811\" data-ad-slot=\"8592682546\"><\/ins><script type=\"text\/javascript\">\/\/ <![CDATA[\n(adsbygoogle = window.adsbygoogle || []).push({});\n\/\/ ]]><\/script><\/p>\n","protected":false},"excerpt":{"rendered":"<p>El Wrestling Observer reporta que Dean Ambrose se meti\u00f3 en problemas leves tras bastidores luego de su reciente aparici\u00f3n en el &#8220;Stone Cold podcast&#8221; con Steve Austin la semana pasada en el WWE Network.<\/p>\n","protected":false},"author":3,"featured_media":6955,"comment_status":"closed","ping_status":"closed","sticky":false,"template":"","format":"standard","meta":{"footnotes":""},"categories":[5],"tags":[],"class_list":{"0":"post-9601","1":"post","2":"type-post","3":"status-publish","4":"format-standard","5":"has-post-thumbnail","7":"category-noticias"},"_links":{"self":[{"href":"https:\/\/www.prwrestling.com\/nw\/wp-json\/wp\/v2\/posts\/9601","targetHints":{"allow":["GET"]}}],"collection":[{"href":"https:\/\/www.prwrestling.com\/nw\/wp-json\/wp\/v2\/posts"}],"about":[{"href":"https:\/\/www.prwrestling.com\/nw\/wp-json\/wp\/v2\/types\/post"}],"author":[{"embeddable":true,"href":"https:\/\/www.prwrestling.com\/nw\/wp-json\/wp\/v2\/users\/3"}],"replies":[{"embeddable":true,"href":"https:\/\/www.prwrestling.com\/nw\/wp-json\/wp\/v2\/comments?post=9601"}],"version-history":[{"count":1,"href":"https:\/\/www.prwrestling.com\/nw\/wp-json\/wp\/v2\/posts\/9601\/revisions"}],"predecessor-version":[{"id":9603,"href":"https:\/\/www.prwrestling.com\/nw\/wp-json\/wp\/v2\/posts\/9601\/revisions\/9603"}],"wp:featuredmedia":[{"embeddable":true,"href":"https:\/\/www.prwrestling.com\/nw\/wp-json\/wp\/v2\/media\/6955"}],"wp:attachment":[{"href":"https:\/\/www.prwrestling.com\/nw\/wp-json\/wp\/v2\/media?parent=9601"}],"wp:term":[{"taxonomy":"category","embeddable":true,"href":"https:\/\/www.prwrestling.com\/nw\/wp-json\/wp\/v2\/categories?post=9601"},{"taxonomy":"post_tag","embeddable":true,"href":"https:\/\/www.prwrestling.com\/nw\/wp-json\/wp\/v2\/tags?post=9601"}],"curies":[{"name":"wp","href":"https:\/\/api.w.org\/{rel}","templated":true}]}}