{"id":9691,"date":"2016-08-22T19:39:35","date_gmt":"2016-08-22T23:39:35","guid":{"rendered":"http:\/\/prwrestling.com\/nw\/?p=9691"},"modified":"2016-08-22T19:45:51","modified_gmt":"2016-08-22T23:45:51","slug":"malas-noticias-para-finn-balor","status":"publish","type":"post","link":"https:\/\/www.prwrestling.com\/nw\/malas-noticias-para-finn-balor\/","title":{"rendered":"MALAS NOTICIAS PARA FINN BALOR"},"content":{"rendered":"<p><a href=\"http:\/\/prwrestling.com\/nw\/wp-content\/uploads\/2016\/08\/balor-rollins.jpg\" target=\"_blank\" rel=\"noopener\"><img loading=\"lazy\" decoding=\"async\" class=\"alignnone  wp-image-9559\" alt=\"balor rollins\" src=\"http:\/\/prwrestling.com\/nw\/wp-content\/uploads\/2016\/08\/balor-rollins.jpg\" width=\"576\" height=\"324\" srcset=\"https:\/\/www.prwrestling.com\/nw\/wp-content\/uploads\/2016\/08\/balor-rollins.jpg 1200w, https:\/\/www.prwrestling.com\/nw\/wp-content\/uploads\/2016\/08\/balor-rollins-300x168.jpg 300w, https:\/\/www.prwrestling.com\/nw\/wp-content\/uploads\/2016\/08\/balor-rollins-1024x576.jpg 1024w\" sizes=\"auto, (max-width: 576px) 100vw, 576px\" \/><\/a><\/p>\n<p><em>Renunciar\u00e1 esta noche al t\u00edtulo Universal de la WWE<!--more--><\/em><\/p>\n<p>Acaba de ser anunciado en la cuenta de Twitter de Mick Foley que Finn B\u00e1lor va a renunciar al t\u00edtulo Universal de la WWE debido a la lesi\u00f3n que sufri\u00f3 anoche en el hombro debido a un &#8216;running power bomb&#8217; aplicado por Seth Rollins como parte del evento SummerSlam. La misma movida fue la que le lesion\u00f3 el cuello a Sting en &#8216;Night of Champions&#8217;.<script type=\"text\/javascript\">\/\/ <![CDATA[\n    google_ad_client = \"ca-pub-4432518938189770\";\n    google_ad_slot = \"8848533845\";\n    google_ad_width = 300;\n    google_ad_height = 250;\n\/\/ ]]><\/script><br \/>\n<!-- 300 x 200 - rpeortajes --><br \/>\n<script type=\"text\/javascript\" src=\"\/\/pagead2.googlesyndication.com\/pagead\/show_ads.js\">\/\/ <![CDATA[\n\n\/\/ ]]><\/script><br \/>\n<strong>Mensaje de WWE.com:<\/strong><\/p>\n<p>Como lo ha anunciado el Gerente General de RAW, Mick Foley en su cuenta de Twitter, el reci\u00e9n y primer campe\u00f3n Universal de la WWE Finn B\u00e1lor renunciar\u00e1 a su t\u00edtulo esta noche en vivo por RAW.<\/p>\n<blockquote class=\"twitter-tweet\" data-lang=\"en\">\n<p dir=\"ltr\" lang=\"en\">Due to his injury, <a href=\"https:\/\/twitter.com\/StephMcMahon\" target=\"_blank\" rel=\"noopener\">@StephMcMahon<\/a> and I jointly accept <a href=\"https:\/\/twitter.com\/FinnBalor\" target=\"_blank\" rel=\"noopener\">@FinnBalor<\/a> relinquishing of the <a href=\"https:\/\/twitter.com\/WWE\" target=\"_blank\" rel=\"noopener\">@WWE<\/a> Universal Championship. <a href=\"https:\/\/twitter.com\/hashtag\/Raw?src=hash\" target=\"_blank\" rel=\"noopener\">#Raw<\/a><\/p>\n<p>\u2014 Mick Foley (@RealMickFoley) <a href=\"https:\/\/twitter.com\/RealMickFoley\/status\/767861610119569410\" target=\"_blank\" rel=\"noopener\">August 22, 2016<\/a><\/p><\/blockquote>\n<p>&nbsp;<br \/>\n<script type=\"text\/javascript\">\n    google_ad_client = \"ca-pub-4432518938189770\";\n    google_ad_slot = \"8848533845\";\n    google_ad_width = 300;\n    google_ad_height = 250;\n<\/script><br \/>\n<!-- 300 x 200 - rpeortajes --><br \/>\n<script type=\"text\/javascript\"\nsrc=\"\/\/pagead2.googlesyndication.com\/pagead\/show_ads.js\">\n<\/script><\/p>\n","protected":false},"excerpt":{"rendered":"<p>Renunciar\u00e1 esta noche al t\u00edtulo Universal de la WWE<\/p>\n","protected":false},"author":1,"featured_media":4679,"comment_status":"closed","ping_status":"closed","sticky":false,"template":"","format":"standard","meta":{"footnotes":""},"categories":[5],"tags":[],"class_list":{"0":"post-9691","1":"post","2":"type-post","3":"status-publish","4":"format-standard","5":"has-post-thumbnail","7":"category-noticias"},"_links":{"self":[{"href":"https:\/\/www.prwrestling.com\/nw\/wp-json\/wp\/v2\/posts\/9691","targetHints":{"allow":["GET"]}}],"collection":[{"href":"https:\/\/www.prwrestling.com\/nw\/wp-json\/wp\/v2\/posts"}],"about":[{"href":"https:\/\/www.prwrestling.com\/nw\/wp-json\/wp\/v2\/types\/post"}],"author":[{"embeddable":true,"href":"https:\/\/www.prwrestling.com\/nw\/wp-json\/wp\/v2\/users\/1"}],"replies":[{"embeddable":true,"href":"https:\/\/www.prwrestling.com\/nw\/wp-json\/wp\/v2\/comments?post=9691"}],"version-history":[{"count":4,"href":"https:\/\/www.prwrestling.com\/nw\/wp-json\/wp\/v2\/posts\/9691\/revisions"}],"predecessor-version":[{"id":9697,"href":"https:\/\/www.prwrestling.com\/nw\/wp-json\/wp\/v2\/posts\/9691\/revisions\/9697"}],"wp:featuredmedia":[{"embeddable":true,"href":"https:\/\/www.prwrestling.com\/nw\/wp-json\/wp\/v2\/media\/4679"}],"wp:attachment":[{"href":"https:\/\/www.prwrestling.com\/nw\/wp-json\/wp\/v2\/media?parent=9691"}],"wp:term":[{"taxonomy":"category","embeddable":true,"href":"https:\/\/www.prwrestling.com\/nw\/wp-json\/wp\/v2\/categories?post=9691"},{"taxonomy":"post_tag","embeddable":true,"href":"https:\/\/www.prwrestling.com\/nw\/wp-json\/wp\/v2\/tags?post=9691"}],"curies":[{"name":"wp","href":"https:\/\/api.w.org\/{rel}","templated":true}]}}