{"id":975,"date":"2014-07-03T11:46:26","date_gmt":"2014-07-03T11:46:26","guid":{"rendered":"http:\/\/prwrestling.com\/nw\/?p=975"},"modified":"2014-07-03T11:46:26","modified_gmt":"2014-07-03T11:46:26","slug":"reportan-razon-del-regreso-de-emma","status":"publish","type":"post","link":"https:\/\/www.prwrestling.com\/nw\/reportan-razon-del-regreso-de-emma\/","title":{"rendered":"REPORTAN RAZON DEL &#8216;REGRESO&#8217; DE EMMA"},"content":{"rendered":"<p><img loading=\"lazy\" decoding=\"async\" class=\"attachment-post-thumbnail alignleft\" alt=\"emma\" src=\"http:\/\/prwrestling.com\/nw\/wp-content\/uploads\/2014\/07\/emma1-150x150.jpg\" width=\"150\" height=\"150\" \/>Como se ha se\u00f1alado, la WWE anunci\u00f3 que reintegr\u00f3 a Emma s\u00f3lo horas despu\u00e9s de que se anunci\u00f3 que fue despedida debido a la detenci\u00f3n por robo en un Walmart el lunes.<!--more--><\/p>\n<p>TMZ informa que sus fuentes en WWE dicen &#8220;Los funcionarios se dieron cuenta de la rapidez con que reaccionaron de manera exagerada, ya que su acci\u00f3n podr\u00eda abrir las compuertas para establecer el pretexto de que tambi\u00e9n tendr\u00edan que despedir a luchadores por pelear fuera del ring, DUI y otros tipos de fechor\u00edas.&#8221;<\/p>\n","protected":false},"excerpt":{"rendered":"<p>Como se ha se\u00f1alado, la WWE anunci\u00f3 que reintegr\u00f3 a Emma s\u00f3lo horas despu\u00e9s de que se anunci\u00f3 que fue despedida debido a la detenci\u00f3n por robo en un Walmart el lunes.<\/p>\n","protected":false},"author":1,"featured_media":976,"comment_status":"closed","ping_status":"closed","sticky":false,"template":"","format":"standard","meta":{"footnotes":""},"categories":[5],"tags":[],"class_list":{"0":"post-975","1":"post","2":"type-post","3":"status-publish","4":"format-standard","5":"has-post-thumbnail","7":"category-noticias"},"_links":{"self":[{"href":"https:\/\/www.prwrestling.com\/nw\/wp-json\/wp\/v2\/posts\/975","targetHints":{"allow":["GET"]}}],"collection":[{"href":"https:\/\/www.prwrestling.com\/nw\/wp-json\/wp\/v2\/posts"}],"about":[{"href":"https:\/\/www.prwrestling.com\/nw\/wp-json\/wp\/v2\/types\/post"}],"author":[{"embeddable":true,"href":"https:\/\/www.prwrestling.com\/nw\/wp-json\/wp\/v2\/users\/1"}],"replies":[{"embeddable":true,"href":"https:\/\/www.prwrestling.com\/nw\/wp-json\/wp\/v2\/comments?post=975"}],"version-history":[{"count":1,"href":"https:\/\/www.prwrestling.com\/nw\/wp-json\/wp\/v2\/posts\/975\/revisions"}],"predecessor-version":[{"id":977,"href":"https:\/\/www.prwrestling.com\/nw\/wp-json\/wp\/v2\/posts\/975\/revisions\/977"}],"wp:featuredmedia":[{"embeddable":true,"href":"https:\/\/www.prwrestling.com\/nw\/wp-json\/wp\/v2\/media\/976"}],"wp:attachment":[{"href":"https:\/\/www.prwrestling.com\/nw\/wp-json\/wp\/v2\/media?parent=975"}],"wp:term":[{"taxonomy":"category","embeddable":true,"href":"https:\/\/www.prwrestling.com\/nw\/wp-json\/wp\/v2\/categories?post=975"},{"taxonomy":"post_tag","embeddable":true,"href":"https:\/\/www.prwrestling.com\/nw\/wp-json\/wp\/v2\/tags?post=975"}],"curies":[{"name":"wp","href":"https:\/\/api.w.org\/{rel}","templated":true}]}}