{"id":9853,"date":"2016-09-01T08:23:57","date_gmt":"2016-09-01T12:23:57","guid":{"rendered":"http:\/\/prwrestling.com\/nw\/?p=9853"},"modified":"2016-09-01T08:23:57","modified_gmt":"2016-09-01T12:23:57","slug":"notas-de-la-wwe-94","status":"publish","type":"post","link":"https:\/\/www.prwrestling.com\/nw\/notas-de-la-wwe-94\/","title":{"rendered":"NOTAS DE LA WWE"},"content":{"rendered":"<p><a href=\"http:\/\/prwrestling.com\/nw\/wp-content\/uploads\/2016\/02\/daniel-bryan1.jpg\" target=\"_blank\" rel=\"noopener\"><img loading=\"lazy\" decoding=\"async\" class=\"size-full wp-image-6609 aligncenter\" alt=\"daniel bryan\" src=\"http:\/\/prwrestling.com\/nw\/wp-content\/uploads\/2016\/02\/daniel-bryan1.jpg\" width=\"600\" height=\"338\" srcset=\"https:\/\/www.prwrestling.com\/nw\/wp-content\/uploads\/2016\/02\/daniel-bryan1.jpg 600w, https:\/\/www.prwrestling.com\/nw\/wp-content\/uploads\/2016\/02\/daniel-bryan1-300x169.jpg 300w\" sizes=\"auto, (max-width: 600px) 100vw, 600px\" \/><\/a><\/p>\n<p style=\"text-align: center;\"><em>Lucha de SumerSlam cancelada; Bryan emocional en video; M\u00e1s sobre la salida de los Dudleys.<!--more--><\/em><\/p>\n<p>&#8211; El Observer reporta que Baron Corbin vs Kalisto estaba pautada para llevarse a cabo en SummerSlam pero la lucha no se dio debido a que Kalisto sufri\u00f3 una lesi\u00f3n el pasado 2 de agosto en Smackdown ante Apollo Crews.<\/p>\n<p>Lo unico que se sabe sobre hasta el momento es que el luchador tuvo que ser atendido tras bastidores ese d\u00eda tras bastidores.<\/p>\n<p style=\"text-align: center;\">Contin\u00faa abajo<br \/>\n<script type=\"text\/javascript\" src=\"\/\/pagead2.googlesyndication.com\/pagead\/js\/adsbygoogle.js\" async=\"\"><\/script><!-- 300x250 en medio de portajes (manual placement) --> <ins class=\"adsbygoogle\" style=\"display: inline-block; width: 300px; height: 250px;\" data-ad-client=\"ca-pub-1244235910658811\" data-ad-slot=\"8592682546\"><\/ins><script type=\"text\/javascript\">\/\/ <![CDATA[\n(adsbygoogle = window.adsbygoogle || []).push({});\n\/\/ ]]><\/script><\/p>\n<p>&#8211; PWInsider reporta que antes de decidir que se marchar\u00edan de la WWE, los Dudleys hab\u00edan llegado a un acuerdo para permanecer 1-2 a\u00f1os adicionales, pero algo cambio y ambas partes decidieron no ejecutar el acuerdo.<\/p>\n<p>A pesar de su salida y especulado retiro, Los Dudleys estar\u00e1n activos en la escena Independiente pr\u00f3ximamente.<\/p>\n<p>&#8211; Video: Daniel Bryan emocional tras derrota de Kendrick en el Cruiserweight Classic.<\/p>\n<p><iframe loading=\"lazy\" src=\"https:\/\/www.youtube.com\/embed\/o8zrpiEYR54\" height=\"315\" width=\"560\" allowfullscreen=\"\" frameborder=\"0\"><\/iframe><\/p>\n<p style=\"text-align: center;\">Comenta abajo<br \/>\n<script type=\"text\/javascript\" src=\"\/\/pagead2.googlesyndication.com\/pagead\/js\/adsbygoogle.js\" async=\"\"><\/script><!-- 300x250 en medio de portajes (manual placement) --> <ins class=\"adsbygoogle\" style=\"display: inline-block; width: 300px; height: 250px;\" data-ad-client=\"ca-pub-1244235910658811\" data-ad-slot=\"8592682546\"><\/ins><script type=\"text\/javascript\">\/\/ <![CDATA[\n(adsbygoogle = window.adsbygoogle || []).push({});\n\/\/ ]]><\/script><\/p>\n","protected":false},"excerpt":{"rendered":"<p>Lucha de SumerSlam cancelada; Bryan emocional en video; M\u00e1s sobre la salida de los Dudleys.<\/p>\n","protected":false},"author":3,"featured_media":6609,"comment_status":"closed","ping_status":"closed","sticky":false,"template":"","format":"standard","meta":{"footnotes":""},"categories":[5],"tags":[],"class_list":{"0":"post-9853","1":"post","2":"type-post","3":"status-publish","4":"format-standard","5":"has-post-thumbnail","7":"category-noticias"},"_links":{"self":[{"href":"https:\/\/www.prwrestling.com\/nw\/wp-json\/wp\/v2\/posts\/9853","targetHints":{"allow":["GET"]}}],"collection":[{"href":"https:\/\/www.prwrestling.com\/nw\/wp-json\/wp\/v2\/posts"}],"about":[{"href":"https:\/\/www.prwrestling.com\/nw\/wp-json\/wp\/v2\/types\/post"}],"author":[{"embeddable":true,"href":"https:\/\/www.prwrestling.com\/nw\/wp-json\/wp\/v2\/users\/3"}],"replies":[{"embeddable":true,"href":"https:\/\/www.prwrestling.com\/nw\/wp-json\/wp\/v2\/comments?post=9853"}],"version-history":[{"count":1,"href":"https:\/\/www.prwrestling.com\/nw\/wp-json\/wp\/v2\/posts\/9853\/revisions"}],"predecessor-version":[{"id":9854,"href":"https:\/\/www.prwrestling.com\/nw\/wp-json\/wp\/v2\/posts\/9853\/revisions\/9854"}],"wp:featuredmedia":[{"embeddable":true,"href":"https:\/\/www.prwrestling.com\/nw\/wp-json\/wp\/v2\/media\/6609"}],"wp:attachment":[{"href":"https:\/\/www.prwrestling.com\/nw\/wp-json\/wp\/v2\/media?parent=9853"}],"wp:term":[{"taxonomy":"category","embeddable":true,"href":"https:\/\/www.prwrestling.com\/nw\/wp-json\/wp\/v2\/categories?post=9853"},{"taxonomy":"post_tag","embeddable":true,"href":"https:\/\/www.prwrestling.com\/nw\/wp-json\/wp\/v2\/tags?post=9853"}],"curies":[{"name":"wp","href":"https:\/\/api.w.org\/{rel}","templated":true}]}}